{"id":14800,"date":"2021-05-31T12:27:28","date_gmt":"2021-05-31T17:27:28","guid":{"rendered":"https:\/\/nvnoticias.mx\/?p=14800"},"modified":"2021-05-31T12:27:29","modified_gmt":"2021-05-31T17:27:29","slug":"mc-pide-aclarar-seleccion-de-presentantes-de-casilla","status":"publish","type":"post","link":"https:\/\/nvnoticias.mx\/index.php\/2021\/05\/31\/mc-pide-aclarar-seleccion-de-presentantes-de-casilla\/","title":{"rendered":"MC pide que se aclare como seleccion\u00f3 INE a presentantes de casilla"},"content":{"rendered":"\n<p><strong>JES\u00daS UTRILLA \/ NV NOTICIAS<\/strong>&nbsp;<\/p>\n\n\n\n<p>Sergio Gil&nbsp;Rull\u00e1n, dirigente estatal de Movimiento Ciudadano, se\u00f1al\u00f3 que este y otros partidos se inconformar\u00e1n por el sistema que manej\u00f3 el INE para elegir representantes de casilla.&nbsp;<\/p>\n\n\n\n<p>Coment\u00f3 que no se respetaron los nombres iniciales de quienes asumir\u00edan dichos cargos.&nbsp;<\/p>\n\n\n\n<p>Esto es que primero se ten\u00eda una serie de nombres y a la hora de imprimir las acreditaciones aparecieron otros.&nbsp;<\/p>\n\n\n\n<blockquote class=\"wp-block-quote is-layout-flow wp-block-quote-is-layout-flow\"><p>\u201cLos partidos nos estamos juntando para ver cu\u00e1ntas irregularidades hay, a cuantos nos afectaron, si la afectaci\u00f3n fue solo en Veracruz o tambi\u00e9n en otros estados\u201d.\u00a0<\/p><\/blockquote>\n\n\n\n<p>As\u00ed&nbsp;mismo confi\u00f3 en que el Organismo P\u00fablico Local Electoral y la fiscalizaci\u00f3n del INE identifiquen supuesto despilfarro de recursos p\u00fablicos para impulsar a los candidatos del partido en el poder.&nbsp;<\/p>\n\n\n\n<p>Mencion\u00f3 que hay espectaculares, lonas, bardas y propaganda en la calle que dan muestra de violaciones a los topes de campa\u00f1a.&nbsp;<\/p>\n\n\n\n<blockquote class=\"wp-block-quote is-layout-flow wp-block-quote-is-layout-flow\"><p>\u201cIncluso hay lonas que no llevan el c\u00f3digo del INE, lo cual tendr\u00eda que ser multa instant\u00e1nea y motivo para retirar la candidatura a quien se haya visto beneficiado con dicha publicidad, pero es un trabajo que hace directamente el Organismo P\u00fablico Local Electoral y la fiscalizaci\u00f3n del INE\u201d.\u00a0<\/p><\/blockquote>\n\n\n\n<p>Finalmente se dijo seguro de que Movimiento Ciudadano tendr\u00e1 resultados positivos en la contienda del domingo 6 de junio.&nbsp;<\/p>\n","protected":false},"excerpt":{"rendered":"<p>JES\u00daS UTRILLA \/ NV NOTICIAS&nbsp; Sergio Gil&nbsp;Rull\u00e1n, dirigente estatal de Movimiento Ciudadano, se\u00f1al\u00f3 que este y otros partidos se inconformar\u00e1n por el sistema que manej\u00f3 el INE para elegir representantes de casilla.&nbsp; Coment\u00f3 que no se respetaron los nombres iniciales de quienes asumir\u00edan dichos cargos.&nbsp; Esto es que primero se ten\u00eda una serie de nombres [&hellip;]<\/p>\n","protected":false},"author":6,"featured_media":9957,"comment_status":"open","ping_status":"open","sticky":false,"template":"","format":"standard","meta":{"_monsterinsights_skip_tracking":false,"_monsterinsights_sitenote_active":false,"_monsterinsights_sitenote_note":"","_monsterinsights_sitenote_category":0,"footnotes":""},"categories":[154],"tags":[3059,321,443,687],"class_list":["post-14800","post","type-post","status-publish","format-standard","has-post-thumbnail","hentry","category-veracruz","tag-casillas","tag-elecciones2021","tag-ine","tag-movimiento-ciudadano","wp-image-borders"],"amp_enabled":true,"_links":{"self":[{"href":"https:\/\/nvnoticias.mx\/index.php\/wp-json\/wp\/v2\/posts\/14800","targetHints":{"allow":["GET"]}}],"collection":[{"href":"https:\/\/nvnoticias.mx\/index.php\/wp-json\/wp\/v2\/posts"}],"about":[{"href":"https:\/\/nvnoticias.mx\/index.php\/wp-json\/wp\/v2\/types\/post"}],"author":[{"embeddable":true,"href":"https:\/\/nvnoticias.mx\/index.php\/wp-json\/wp\/v2\/users\/6"}],"replies":[{"embeddable":true,"href":"https:\/\/nvnoticias.mx\/index.php\/wp-json\/wp\/v2\/comments?post=14800"}],"version-history":[{"count":1,"href":"https:\/\/nvnoticias.mx\/index.php\/wp-json\/wp\/v2\/posts\/14800\/revisions"}],"predecessor-version":[{"id":14801,"href":"https:\/\/nvnoticias.mx\/index.php\/wp-json\/wp\/v2\/posts\/14800\/revisions\/14801"}],"wp:featuredmedia":[{"embeddable":true,"href":"https:\/\/nvnoticias.mx\/index.php\/wp-json\/wp\/v2\/media\/9957"}],"wp:attachment":[{"href":"https:\/\/nvnoticias.mx\/index.php\/wp-json\/wp\/v2\/media?parent=14800"}],"wp:term":[{"taxonomy":"category","embeddable":true,"href":"https:\/\/nvnoticias.mx\/index.php\/wp-json\/wp\/v2\/categories?post=14800"},{"taxonomy":"post_tag","embeddable":true,"href":"https:\/\/nvnoticias.mx\/index.php\/wp-json\/wp\/v2\/tags?post=14800"}],"curies":[{"name":"wp","href":"https:\/\/api.w.org\/{rel}","templated":true}]}}