{"id":147990,"date":"2024-05-01T12:13:05","date_gmt":"2024-05-01T18:13:05","guid":{"rendered":"https:\/\/nvnoticias.mx\/?p=147990"},"modified":"2024-05-01T12:13:07","modified_gmt":"2024-05-01T18:13:07","slug":"trabajadores-veracruzanos-conmemoran-el-1-de-mayo","status":"publish","type":"post","link":"https:\/\/nvnoticias.mx\/index.php\/2024\/05\/01\/trabajadores-veracruzanos-conmemoran-el-1-de-mayo\/","title":{"rendered":"Trabajadores veracruzanos conmemoran el 1 de Mayo"},"content":{"rendered":"\n<p><\/p>\n\n\n\n<p><strong>Jes\u00fas Utrilla \/ NV Noticias <\/strong><\/p>\n\n\n\n<p>En un contexto marcado por la celebraci\u00f3n del D\u00eda Internacional del Trabajo y los tiempos electorales que atraviesa M\u00e9xico, los sindicatos veracruzanos se reunieron para conmemorar esta importante fecha y emitir un llamado a la acci\u00f3n c\u00edvica.<\/p>\n\n\n\n<p>Leonel P\u00e9rez Herrera, presidente del Congreso del Trabajo en Veracruz, destac\u00f3 la importancia de esta jornada como un recordatorio de la libertad para exigir y hacer valer los derechos laborales respaldados por la Constituci\u00f3n mexicana. <\/p>\n\n\n\n<p>En su discurso, P\u00e9rez Herrera reconoci\u00f3 los avances alcanzados en materia de condiciones laborales en los \u00faltimos a\u00f1os, como el aumento salarial y de d\u00edas de vacaciones, as\u00ed como la regulaci\u00f3n de la subcontrataci\u00f3n. <\/p>\n\n\n\n<p>Sin embargo, se\u00f1al\u00f3 que a\u00fan existen pendientes significativos, como la implementaci\u00f3n de la semana laboral de cinco d\u00edas o 40 horas, as\u00ed como temas relacionados con el aguinaldo y el permiso por paternidad.<\/p>\n\n\n\n<p>En un mensaje dirigido a los legisladores, P\u00e9rez Herrera agradeci\u00f3 a aquellos que han abogado por estos cambios en beneficio de las familias mexicanas, mientras advirti\u00f3 a aquellos que se oponen que ser\u00e1n castigados con el voto por no priorizar los intereses de los trabajadores.<\/p>\n\n\n\n<p>Por su parte, Mario Barrios Sarmiento, secretario general del Sindicato de Trabajadores de la Radiodifusi\u00f3n, Televisi\u00f3n, Telecomunicaciones, Similares y Conexos de la Rep\u00fablica Mexicana (STIRTT), reconoci\u00f3 el esfuerzo de cada sindicato en la mejora de las condiciones laborales de sus miembros.<\/p>\n\n\n\n<p>Apelando a dejar de lado las preferencias pol\u00edticas, Barrios Sarmiento inst\u00f3 a continuar trabajando en pro del beneficio de los trabajadores.<\/p>\n\n\n\n<p>En un tono de reconocimiento y solidaridad, Abril Fernanda M\u00e1rquez, secretaria de Acci\u00f3n Femenil del Comit\u00e9 Ejecutivo Regional de la CROC, destac\u00f3 el compromiso de hombres y mujeres que han dedicado sus esfuerzos para construir una sociedad m\u00e1s justa y equitativa, haciendo especial \u00e9nfasis en el papel de las mujeres en este proceso.<\/p>\n\n\n\n<p>Finalmente, Teresa Ram\u00f3n L\u00f3pez, del sindicato de los trabajadores de la Secretar\u00eda de Comunicaciones y Transportes, record\u00f3 la lucha hist\u00f3rica de los trabajadores por mejores condiciones laborales en todo el mundo, subrayando la importancia de mantener viva esa memoria y continuar trabajando por un futuro m\u00e1s justo para todos.<\/p>\n","protected":false},"excerpt":{"rendered":"<p>Jes\u00fas Utrilla \/ NV Noticias En un contexto marcado por la celebraci\u00f3n del D\u00eda Internacional del Trabajo y los tiempos electorales que atraviesa M\u00e9xico, los sindicatos veracruzanos se reunieron para conmemorar esta importante fecha y emitir un llamado a la acci\u00f3n c\u00edvica. Leonel P\u00e9rez Herrera, presidente del Congreso del Trabajo en Veracruz, destac\u00f3 la importancia [&hellip;]<\/p>\n","protected":false},"author":8,"featured_media":147991,"comment_status":"open","ping_status":"open","sticky":false,"template":"","format":"standard","meta":{"_monsterinsights_skip_tracking":false,"_monsterinsights_sitenote_active":false,"_monsterinsights_sitenote_note":"","_monsterinsights_sitenote_category":0,"footnotes":""},"categories":[154],"tags":[3344],"class_list":["post-147990","post","type-post","status-publish","format-standard","has-post-thumbnail","hentry","category-veracruz","tag-dia-del-trabajo","wp-image-borders"],"amp_enabled":true,"_links":{"self":[{"href":"https:\/\/nvnoticias.mx\/index.php\/wp-json\/wp\/v2\/posts\/147990","targetHints":{"allow":["GET"]}}],"collection":[{"href":"https:\/\/nvnoticias.mx\/index.php\/wp-json\/wp\/v2\/posts"}],"about":[{"href":"https:\/\/nvnoticias.mx\/index.php\/wp-json\/wp\/v2\/types\/post"}],"author":[{"embeddable":true,"href":"https:\/\/nvnoticias.mx\/index.php\/wp-json\/wp\/v2\/users\/8"}],"replies":[{"embeddable":true,"href":"https:\/\/nvnoticias.mx\/index.php\/wp-json\/wp\/v2\/comments?post=147990"}],"version-history":[{"count":1,"href":"https:\/\/nvnoticias.mx\/index.php\/wp-json\/wp\/v2\/posts\/147990\/revisions"}],"predecessor-version":[{"id":147992,"href":"https:\/\/nvnoticias.mx\/index.php\/wp-json\/wp\/v2\/posts\/147990\/revisions\/147992"}],"wp:featuredmedia":[{"embeddable":true,"href":"https:\/\/nvnoticias.mx\/index.php\/wp-json\/wp\/v2\/media\/147991"}],"wp:attachment":[{"href":"https:\/\/nvnoticias.mx\/index.php\/wp-json\/wp\/v2\/media?parent=147990"}],"wp:term":[{"taxonomy":"category","embeddable":true,"href":"https:\/\/nvnoticias.mx\/index.php\/wp-json\/wp\/v2\/categories?post=147990"},{"taxonomy":"post_tag","embeddable":true,"href":"https:\/\/nvnoticias.mx\/index.php\/wp-json\/wp\/v2\/tags?post=147990"}],"curies":[{"name":"wp","href":"https:\/\/api.w.org\/{rel}","templated":true}]}}