{"id":147982,"date":"2024-05-01T10:52:13","date_gmt":"2024-05-01T16:52:13","guid":{"rendered":"https:\/\/nvnoticias.mx\/?p=147982"},"modified":"2024-05-01T10:52:15","modified_gmt":"2024-05-01T16:52:15","slug":"anuncia-billie-eilish-su-gira-mundial-hit-me-hard-and-soft","status":"publish","type":"post","link":"https:\/\/nvnoticias.mx\/index.php\/2024\/05\/01\/anuncia-billie-eilish-su-gira-mundial-hit-me-hard-and-soft\/","title":{"rendered":"Anuncia Billie Eilish su gira mundial &#8216;Hit Me Hard and Soft&#8217;"},"content":{"rendered":"\n<p>Billie Eilish comenz\u00f3 el a\u00f1o 2024 ganando premios por su canci\u00f3n en el soundtrack de &#8220;Barbie&#8221;, anunci\u00f3 su nuevo disco &#8220;Hit Me Hard and Soft&#8221; y revel\u00f3 las primeras fechas de su pr\u00f3xima gira, que lleva el mismo nombre que su \u00e1lbum. El disco saldr\u00e1 a la venta en mayo.<\/p>\n\n\n\n<p>\u00bfCu\u00e1ndo comenzar\u00e1 la gira de Billie Eilish?<br>Billie Eilish revel\u00f3 un p\u00f3ster en sus redes sociales con las primeras fechas de su gira &#8220;Hit Me Hard and Soft&#8221;, que comenzar\u00e1 en Canad\u00e1 en septiembre y recorrer\u00e1 varias ciudades de Estados Unidos. En el 2025, la cantante visitar\u00e1 Australia y varios pa\u00edses de Europa como Italia, Francia, Reino Unido, Irlanda y Dinamarca.<\/p>\n\n\n\n<p>Los seguidores de Billie Eilish se pusieron muy emocionados cuando se anunciaron nuevas fechas de conciertos, pero los fans de Latinoam\u00e9rica est\u00e1n impacientes por saber cu\u00e1ndo vendr\u00e1 a esta regi\u00f3n. Hace un a\u00f1o, la cantante hizo una gira que incluy\u00f3 M\u00e9xico, donde tuvo que posponer un concierto en la Ciudad de M\u00e9xico debido a una lluvia intensa que dej\u00f3 el Foro Sol lleno de charcos.<\/p>\n","protected":false},"excerpt":{"rendered":"<p>Billie Eilish comenz\u00f3 el a\u00f1o 2024 ganando premios por su canci\u00f3n en el soundtrack de &#8220;Barbie&#8221;, anunci\u00f3 su nuevo disco &#8220;Hit Me Hard and Soft&#8221; y revel\u00f3 las primeras fechas de su pr\u00f3xima gira, que lleva el mismo nombre que su \u00e1lbum. El disco saldr\u00e1 a la venta en mayo. \u00bfCu\u00e1ndo comenzar\u00e1 la gira de [&hellip;]<\/p>\n","protected":false},"author":35,"featured_media":131575,"comment_status":"open","ping_status":"open","sticky":false,"template":"","format":"standard","meta":{"_monsterinsights_skip_tracking":false,"_monsterinsights_sitenote_active":false,"_monsterinsights_sitenote_note":"","_monsterinsights_sitenote_category":0,"footnotes":""},"categories":[576],"tags":[6814],"class_list":["post-147982","post","type-post","status-publish","format-standard","has-post-thumbnail","hentry","category-ocio","tag-billie-eilish","wp-image-borders"],"amp_enabled":true,"_links":{"self":[{"href":"https:\/\/nvnoticias.mx\/index.php\/wp-json\/wp\/v2\/posts\/147982","targetHints":{"allow":["GET"]}}],"collection":[{"href":"https:\/\/nvnoticias.mx\/index.php\/wp-json\/wp\/v2\/posts"}],"about":[{"href":"https:\/\/nvnoticias.mx\/index.php\/wp-json\/wp\/v2\/types\/post"}],"author":[{"embeddable":true,"href":"https:\/\/nvnoticias.mx\/index.php\/wp-json\/wp\/v2\/users\/35"}],"replies":[{"embeddable":true,"href":"https:\/\/nvnoticias.mx\/index.php\/wp-json\/wp\/v2\/comments?post=147982"}],"version-history":[{"count":2,"href":"https:\/\/nvnoticias.mx\/index.php\/wp-json\/wp\/v2\/posts\/147982\/revisions"}],"predecessor-version":[{"id":147984,"href":"https:\/\/nvnoticias.mx\/index.php\/wp-json\/wp\/v2\/posts\/147982\/revisions\/147984"}],"wp:featuredmedia":[{"embeddable":true,"href":"https:\/\/nvnoticias.mx\/index.php\/wp-json\/wp\/v2\/media\/131575"}],"wp:attachment":[{"href":"https:\/\/nvnoticias.mx\/index.php\/wp-json\/wp\/v2\/media?parent=147982"}],"wp:term":[{"taxonomy":"category","embeddable":true,"href":"https:\/\/nvnoticias.mx\/index.php\/wp-json\/wp\/v2\/categories?post=147982"},{"taxonomy":"post_tag","embeddable":true,"href":"https:\/\/nvnoticias.mx\/index.php\/wp-json\/wp\/v2\/tags?post=147982"}],"curies":[{"name":"wp","href":"https:\/\/api.w.org\/{rel}","templated":true}]}}