{"id":147964,"date":"2024-05-01T10:20:08","date_gmt":"2024-05-01T16:20:08","guid":{"rendered":"https:\/\/nvnoticias.mx\/?p=147964"},"modified":"2024-05-01T10:20:10","modified_gmt":"2024-05-01T16:20:10","slug":"que-renuncien-alito-y-marko-cortes-a-mi-favor-jorge-maynez","status":"publish","type":"post","link":"https:\/\/nvnoticias.mx\/index.php\/2024\/05\/01\/que-renuncien-alito-y-marko-cortes-a-mi-favor-jorge-maynez\/","title":{"rendered":"Que renuncien Alito y Marko Cort\u00e9s a mi favor: Jorge M\u00e1ynez"},"content":{"rendered":"<p>Jorge \u00c1lvarez M\u00e1ynez pidi\u00f3 a Alejandro Moreno y Marko Cort\u00e9s, l\u00edderes nacionales del PRI y del PAN, renunciar a sus dirigencias y sus plurinominales a su favor, en respuesta a la petici\u00f3n que primero le hicieron ellos y Claudio X. Gonz\u00e1lez sobre declinar su candidatura para sumarse a la de X\u00f3chitl G\u00e1lvez.<\/p>\n<p>El candidato presidencial de Movimiento Ciudadano (MC) asegur\u00f3 que si se trata de derrotar a Morena con la conformaci\u00f3n de una nueva alianza opositora \u00e9sta deber\u00e1 ser encabezada por el partido naranja.<\/p>\n<p>\u201cSi se quieren sumar, si ellos dicen que lo m\u00e1s importante es ganarle a Morena, los podr\u00edamos aceptar, pero yo no voy a dejar mangonearme por la vieja pol\u00edtica que le ha fallado a este pa\u00eds.<\/p>\n<p>\u201cLe pido al PRI y al PAN una contribuci\u00f3n: que sus dirigentes corruptos, inmorales, que han traicionado una y otra vez a M\u00e9xico, renuncien a sus puestos, renuncien a sus plurinominales porque ellos van ah\u00ed empujando a una candidata que lo \u00fanico que quieren es que los lleve a ellos a plurinominales, por eso se pusieron ah\u00ed al frente\u201d, declar\u00f3 en San Luis Potos\u00ed, donde se reuni\u00f3 con simpatizantes fosfo-fosfo.<\/p>\n<p>El pol\u00edtico zacatecano dijo que lo m\u00e1s sensato es que Alito Moreno y Marko Cort\u00e9s renuncien, \u201cque den un paso al costado y permitan que, con gente decente, con gente preparada, con gente que refresque la pol\u00edtica mexicana\u201d, el servicio p\u00fablico entre a una nueva etapa de honestidad y hacer las cosas bien por el pa\u00eds.<\/p>\n<p>\u00c1lvarez M\u00e1ynez declar\u00f3 que muchos j\u00f3venes dudan de la franqueza de sus acciones al considerar que su candidatura es solo para restarle puntos a X\u00f3chitl G\u00e1lvez o dividir el voto, argumentos que rechaz\u00f3.<\/p>\n<p>Fuente: El Universal <\/p>\n","protected":false},"excerpt":{"rendered":"<p>Jorge \u00c1lvarez M\u00e1ynez pidi\u00f3 a Alejandro Moreno y Marko Cort\u00e9s, l\u00edderes nacionales del PRI y del PAN, renunciar a sus dirigencias y sus plurinominales a su favor, en respuesta a la petici\u00f3n que primero le hicieron ellos y Claudio X. Gonz\u00e1lez sobre declinar su candidatura para sumarse a la de X\u00f3chitl G\u00e1lvez. El candidato presidencial [&hellip;]<\/p>\n","protected":false},"author":35,"featured_media":142971,"comment_status":"open","ping_status":"open","sticky":false,"template":"","format":"standard","meta":{"_monsterinsights_skip_tracking":false,"_monsterinsights_sitenote_active":false,"_monsterinsights_sitenote_note":"","_monsterinsights_sitenote_category":0,"footnotes":""},"categories":[158],"tags":[6413,28969,597],"class_list":["post-147964","post","type-post","status-publish","format-standard","has-post-thumbnail","hentry","category-politica","tag-alejandro-moreno","tag-jorge-alvarez-maynez","tag-marko-cortes","wp-image-borders"],"amp_enabled":true,"_links":{"self":[{"href":"https:\/\/nvnoticias.mx\/index.php\/wp-json\/wp\/v2\/posts\/147964","targetHints":{"allow":["GET"]}}],"collection":[{"href":"https:\/\/nvnoticias.mx\/index.php\/wp-json\/wp\/v2\/posts"}],"about":[{"href":"https:\/\/nvnoticias.mx\/index.php\/wp-json\/wp\/v2\/types\/post"}],"author":[{"embeddable":true,"href":"https:\/\/nvnoticias.mx\/index.php\/wp-json\/wp\/v2\/users\/35"}],"replies":[{"embeddable":true,"href":"https:\/\/nvnoticias.mx\/index.php\/wp-json\/wp\/v2\/comments?post=147964"}],"version-history":[{"count":2,"href":"https:\/\/nvnoticias.mx\/index.php\/wp-json\/wp\/v2\/posts\/147964\/revisions"}],"predecessor-version":[{"id":147966,"href":"https:\/\/nvnoticias.mx\/index.php\/wp-json\/wp\/v2\/posts\/147964\/revisions\/147966"}],"wp:featuredmedia":[{"embeddable":true,"href":"https:\/\/nvnoticias.mx\/index.php\/wp-json\/wp\/v2\/media\/142971"}],"wp:attachment":[{"href":"https:\/\/nvnoticias.mx\/index.php\/wp-json\/wp\/v2\/media?parent=147964"}],"wp:term":[{"taxonomy":"category","embeddable":true,"href":"https:\/\/nvnoticias.mx\/index.php\/wp-json\/wp\/v2\/categories?post=147964"},{"taxonomy":"post_tag","embeddable":true,"href":"https:\/\/nvnoticias.mx\/index.php\/wp-json\/wp\/v2\/tags?post=147964"}],"curies":[{"name":"wp","href":"https:\/\/api.w.org\/{rel}","templated":true}]}}