{"id":147961,"date":"2024-05-01T10:13:48","date_gmt":"2024-05-01T16:13:48","guid":{"rendered":"https:\/\/nvnoticias.mx\/?p=147961"},"modified":"2024-05-01T10:13:50","modified_gmt":"2024-05-01T16:13:50","slug":"fernandez-norona-dice-adios-a-la-camara-de-diputados-al-borde-del-llanto","status":"publish","type":"post","link":"https:\/\/nvnoticias.mx\/index.php\/2024\/05\/01\/fernandez-norona-dice-adios-a-la-camara-de-diputados-al-borde-del-llanto\/","title":{"rendered":"Fern\u00e1ndez Noro\u00f1a dice adi\u00f3s a la C\u00e1mara de Diputados al borde del llanto"},"content":{"rendered":"<p>Al borde del llanto, el diputado Gerardo Fern\u00e1ndez Noro\u00f1a se despidi\u00f3 este 30 de abril de la C\u00e1mara de Diputados y de su curul 24, con motivo de la Conclusi\u00f3n del Segundo Periodo de Sesiones Ordinarias del Tercer A\u00f1o de Ejercicio de la LXV Legislatura.<\/p>\n<p>En tribuna, el diputado del Partido del Trabajo expres\u00f3 que termin\u00f3 su ciclo en San L\u00e1zaro e incluso brome\u00f3: \u201cParec\u00eda que me quedaba para el inventario, pero no, el destino decidi\u00f3 otro camino personal hacia mi persona\u201d.<\/p>\n<p>Ante los diputados y las diputadas, Fern\u00e1ndez Noro\u00f1a agradeci\u00f3 a su grupo parlamentario y mencion\u00f3 que a pesar de tensiones y \u201cla dureza\u201d de los debates con legisladores y legisladoras de otros partidos, \u201csiempre hemos sabido sacar la tarea adelante\u201d. Tambi\u00e9n reconoci\u00f3 a sus compa\u00f1eros de otros grupos parlamentarios.<\/p>\n<p>Fern\u00e1ndez Noro\u00f1a, integrante de la campa\u00f1a presidencial de Claudia Sheinbaum, record\u00f3 su paso por la oposici\u00f3n e hizo referencia a las elecciones del 2 de junio al se\u00f1alar que \u201cel pueblo de M\u00e9xico determinar\u00e1 los destinos de la Naci\u00f3n\u201d.<\/p>\n<p>Fuente: El Universal <\/p>\n","protected":false},"excerpt":{"rendered":"<p>Al borde del llanto, el diputado Gerardo Fern\u00e1ndez Noro\u00f1a se despidi\u00f3 este 30 de abril de la C\u00e1mara de Diputados y de su curul 24, con motivo de la Conclusi\u00f3n del Segundo Periodo de Sesiones Ordinarias del Tercer A\u00f1o de Ejercicio de la LXV Legislatura. En tribuna, el diputado del Partido del Trabajo expres\u00f3 que [&hellip;]<\/p>\n","protected":false},"author":35,"featured_media":68696,"comment_status":"open","ping_status":"open","sticky":false,"template":"","format":"standard","meta":{"_monsterinsights_skip_tracking":false,"_monsterinsights_sitenote_active":false,"_monsterinsights_sitenote_note":"","_monsterinsights_sitenote_category":0,"footnotes":""},"categories":[158],"tags":[1555,8970],"class_list":["post-147961","post","type-post","status-publish","format-standard","has-post-thumbnail","hentry","category-politica","tag-camara-de-diputados","tag-gerardo-fernandez-norona","wp-image-borders"],"amp_enabled":true,"_links":{"self":[{"href":"https:\/\/nvnoticias.mx\/index.php\/wp-json\/wp\/v2\/posts\/147961","targetHints":{"allow":["GET"]}}],"collection":[{"href":"https:\/\/nvnoticias.mx\/index.php\/wp-json\/wp\/v2\/posts"}],"about":[{"href":"https:\/\/nvnoticias.mx\/index.php\/wp-json\/wp\/v2\/types\/post"}],"author":[{"embeddable":true,"href":"https:\/\/nvnoticias.mx\/index.php\/wp-json\/wp\/v2\/users\/35"}],"replies":[{"embeddable":true,"href":"https:\/\/nvnoticias.mx\/index.php\/wp-json\/wp\/v2\/comments?post=147961"}],"version-history":[{"count":2,"href":"https:\/\/nvnoticias.mx\/index.php\/wp-json\/wp\/v2\/posts\/147961\/revisions"}],"predecessor-version":[{"id":147963,"href":"https:\/\/nvnoticias.mx\/index.php\/wp-json\/wp\/v2\/posts\/147961\/revisions\/147963"}],"wp:featuredmedia":[{"embeddable":true,"href":"https:\/\/nvnoticias.mx\/index.php\/wp-json\/wp\/v2\/media\/68696"}],"wp:attachment":[{"href":"https:\/\/nvnoticias.mx\/index.php\/wp-json\/wp\/v2\/media?parent=147961"}],"wp:term":[{"taxonomy":"category","embeddable":true,"href":"https:\/\/nvnoticias.mx\/index.php\/wp-json\/wp\/v2\/categories?post=147961"},{"taxonomy":"post_tag","embeddable":true,"href":"https:\/\/nvnoticias.mx\/index.php\/wp-json\/wp\/v2\/tags?post=147961"}],"curies":[{"name":"wp","href":"https:\/\/api.w.org\/{rel}","templated":true}]}}