{"id":147921,"date":"2024-04-30T18:53:52","date_gmt":"2024-05-01T00:53:52","guid":{"rendered":"https:\/\/nvnoticias.mx\/?p=147921"},"modified":"2024-04-30T18:53:53","modified_gmt":"2024-05-01T00:53:53","slug":"nace-colectivo-ave-fenix-realizan-mural-para-recordar-a-periodistas-que-perdieron-la-vida-en-veracruz","status":"publish","type":"post","link":"https:\/\/nvnoticias.mx\/index.php\/2024\/04\/30\/nace-colectivo-ave-fenix-realizan-mural-para-recordar-a-periodistas-que-perdieron-la-vida-en-veracruz\/","title":{"rendered":"Nace colectivo Ave F\u00e9nix; realizan mural para recordar a periodistas que perdieron la vida en Veracruz"},"content":{"rendered":"\n<p><\/p>\n\n\n\n<p>Familiares de periodistas ultimados y desaparecidos en el estado de Veracruz se unieron para crear el Colectivo Ave F\u00e9nix, que busca crear una red de apoyo entre los familiares de las v\u00edctimas.<\/p>\n\n\n\n<p>Alejandra Cobos Ordaz, hija de la periodista asesinada Yolanda Ordaz, indic\u00f3 que con ello buscan acercarse a las familias que han vivido de cerca la violencia contra los medios de comunicaci\u00f3n.<\/p>\n\n\n\n<p>Apunt\u00f3 que es sumamente importante que los seres queridos de los periodistas asesinados y desaparecidos est\u00e9n unidos y compartan su dolor para poder sanar.<\/p>\n\n\n\n<p>Actualmente m\u00e1s de 10 personas integran el colectivo, pero se busca que m\u00e1s familiares se sumen para que en conjunto se transformen en seres resilientes para cambiar su dolor en fortaleza.<\/p>\n\n\n\n<p>Coment\u00f3 que el Colectivo brindar\u00e1n diferentes apoyos de manera integral para atender problemas psicol\u00f3gicos y legales a familiares de los periodistas asesinados en el estado de Veracruz.<\/p>\n\n\n\n<p>Cobos Ordaz a\u00f1adi\u00f3 que en breve se develar\u00e1 un mural en las calles de Veracruz en memoria de los y las periodistas asesinados como parte de un ejercicio de memoria colectiva.<\/p>\n\n\n\n<p>El mural llevar\u00e1 \u00b4por nombre \u201cLibres\u201d en la ciudad de Veracruz y ser\u00e1 realizado por el artista gr\u00e1fico Armando Reyes Hern\u00e1ndez conocido por su nombre art\u00edstico Riesk .<\/p>\n\n\n\n<p>Destac\u00f3 que se busca limpiar la imagen manchada de estos comunicadores que perdieron la vida. Este mural estar\u00e1 abajo del puente Morelos en la calle de Emparan, se develar\u00e1 el 3 de mayo a las 9:45 horas.<\/p>\n\n\n\n<p>En el mural que mide 10 metros de largo por 5 metros de alto, se observa una l\u00ednea hist\u00f3rica de lo que representan los medios de comunicaci\u00f3n, entre los elementos se observa una paloma, una imprenta, entre otros objetos, afirm\u00f3.<\/p>\n","protected":false},"excerpt":{"rendered":"<p>Familiares de periodistas ultimados y desaparecidos en el estado de Veracruz se unieron para crear el Colectivo Ave F\u00e9nix, que busca crear una red de apoyo entre los familiares de las v\u00edctimas. Alejandra Cobos Ordaz, hija de la periodista asesinada Yolanda Ordaz, indic\u00f3 que con ello buscan acercarse a las familias que han vivido de [&hellip;]<\/p>\n","protected":false},"author":8,"featured_media":147923,"comment_status":"open","ping_status":"open","sticky":false,"template":"","format":"standard","meta":{"_monsterinsights_skip_tracking":false,"_monsterinsights_sitenote_active":false,"_monsterinsights_sitenote_note":"","_monsterinsights_sitenote_category":0,"footnotes":""},"categories":[154],"tags":[29955,2154,162],"class_list":["post-147921","post","type-post","status-publish","format-standard","has-post-thumbnail","hentry","category-veracruz","tag-ave-fenix","tag-colectivo","tag-portada","wp-image-borders"],"amp_enabled":true,"_links":{"self":[{"href":"https:\/\/nvnoticias.mx\/index.php\/wp-json\/wp\/v2\/posts\/147921","targetHints":{"allow":["GET"]}}],"collection":[{"href":"https:\/\/nvnoticias.mx\/index.php\/wp-json\/wp\/v2\/posts"}],"about":[{"href":"https:\/\/nvnoticias.mx\/index.php\/wp-json\/wp\/v2\/types\/post"}],"author":[{"embeddable":true,"href":"https:\/\/nvnoticias.mx\/index.php\/wp-json\/wp\/v2\/users\/8"}],"replies":[{"embeddable":true,"href":"https:\/\/nvnoticias.mx\/index.php\/wp-json\/wp\/v2\/comments?post=147921"}],"version-history":[{"count":1,"href":"https:\/\/nvnoticias.mx\/index.php\/wp-json\/wp\/v2\/posts\/147921\/revisions"}],"predecessor-version":[{"id":147924,"href":"https:\/\/nvnoticias.mx\/index.php\/wp-json\/wp\/v2\/posts\/147921\/revisions\/147924"}],"wp:featuredmedia":[{"embeddable":true,"href":"https:\/\/nvnoticias.mx\/index.php\/wp-json\/wp\/v2\/media\/147923"}],"wp:attachment":[{"href":"https:\/\/nvnoticias.mx\/index.php\/wp-json\/wp\/v2\/media?parent=147921"}],"wp:term":[{"taxonomy":"category","embeddable":true,"href":"https:\/\/nvnoticias.mx\/index.php\/wp-json\/wp\/v2\/categories?post=147921"},{"taxonomy":"post_tag","embeddable":true,"href":"https:\/\/nvnoticias.mx\/index.php\/wp-json\/wp\/v2\/tags?post=147921"}],"curies":[{"name":"wp","href":"https:\/\/api.w.org\/{rel}","templated":true}]}}