{"id":147916,"date":"2024-04-30T18:38:26","date_gmt":"2024-05-01T00:38:26","guid":{"rendered":"https:\/\/nvnoticias.mx\/?p=147916"},"modified":"2024-04-30T18:38:28","modified_gmt":"2024-05-01T00:38:28","slug":"arrancan-campanas-para-diputaciones-locales-por-veracruz","status":"publish","type":"post","link":"https:\/\/nvnoticias.mx\/index.php\/2024\/04\/30\/arrancan-campanas-para-diputaciones-locales-por-veracruz\/","title":{"rendered":"Arrancan campa\u00f1as para diputaciones locales por Veracruz"},"content":{"rendered":"\n<p><\/p>\n\n\n\n<p>Las y los candidatos a diputados locales por los distritos XIV (Veracruz I) y XV (Veracruz II), arrancaron este martes de manera oficial sus campa\u00f1as, que durar\u00e1 los siguientes 30 d\u00edas, de cara a las elecciones del pr\u00f3ximo 2 de junio.<\/p>\n\n\n\n<p><br>Algunas personas arrancaron al primer minuto del martes 30 de abril y otras ya en las primeras horas con encuentro con medios de comunicaci\u00f3n de este martes.<\/p>\n\n\n\n<p><br><em>DISTRITO XIV<\/em><br>En el caso del Distrito Veracruz I, las y los postulados son:<br>Bertha Rosal\u00eda Ahued Malpica por la Coalici\u00f3n Sigamos Haciendo Historia en Veracruz, quien arranc\u00f3 con una conferencia de prensa en un restaurante conocido del puerto de Veracruz.<\/p>\n\n\n\n<p>-Gerardo Loya Romero por la Coalici\u00f3n Fuerza y Coraz\u00f3n por Veracruz, inici\u00f3 su labor proselitista con una rueda de prensa en un hotel conocido del municipio de Veracruz, donde estuvieron presentes sus compa\u00f1eros por los distritos XV, XVI y XVII y el aspirante al Senado de la Republica por la misma alianza, Miguel \u00c1ngel Yunes M\u00e1rquez.<\/p>\n\n\n\n<p>-\u00d3scar Agust\u00edn Lara Hern\u00e1ndez por el partido Movimiento Ciudadano inici\u00f3 campa\u00f1a de igual forma con una conferencia de prensa a las afueras de Plaza Acuario, donde estuvieron presentes tambi\u00e9n sus compa\u00f1eros de los 30 distritos y los aspirantes a la primera y segunda f\u00f3rmula al Senado de la Republica por el mismo partido, Dante Delgado Morales y Norma Ang\u00e9lica S\u00e1nchez Hern\u00e1ndez.<\/p>\n\n\n\n<p>-Danasiret Bosquez Torres, por Fuerza por M\u00e9xico Veracruz.<\/p>\n\n\n\n<p><br><em>DISTRITO XV<\/em><br>Por el Distrito Veracruz II encabezan las candidaturas a diputaciones locales:<br>-Jos\u00e9 Ricardo Ruiz Carmona, por la Coalici\u00f3n Sigamos Haciendo Historia.<\/p>\n\n\n\n<p>-Miguel David Hermida Copado por la Coalici\u00f3n Fuerza y Coraz\u00f3n por Veracruz, inici\u00f3 su labor proselitista con una rueda de prensa en un hotel conocido del municipio de Veracruz, donde estuvieron presentes sus compa\u00f1eros por los distritos XV, XVI y XVII y el aspirante al Senado de la Republica por la misma alianza, Miguel \u00c1ngel Yunes M\u00e1rquez.<\/p>\n\n\n\n<p>-Josu\u00e9 Azuara Vidales por Movimiento Ciudadano, inici\u00f3 campa\u00f1a de igual forma con una conferencia de prensa a las afueras de Plaza Acuario, donde estuvieron presentes tambi\u00e9n sus compa\u00f1eros de los 30 distritos y los aspirantes a la primera y segunda f\u00f3rmula al Senado de la Republica por el mismo partido, Dante Delgado Morales y Norma Ang\u00e9lica S\u00e1nchez Hern\u00e1ndez<\/p>\n\n\n\n<p>-Alba Mart\u00ednez Hern\u00e1ndez, por Fuerza por M\u00e9xico Veracruz.<\/p>\n","protected":false},"excerpt":{"rendered":"<p>Las y los candidatos a diputados locales por los distritos XIV (Veracruz I) y XV (Veracruz II), arrancaron este martes de manera oficial sus campa\u00f1as, que durar\u00e1 los siguientes 30 d\u00edas, de cara a las elecciones del pr\u00f3ximo 2 de junio. Algunas personas arrancaron al primer minuto del martes 30 de abril y otras ya [&hellip;]<\/p>\n","protected":false},"author":8,"featured_media":147917,"comment_status":"open","ping_status":"open","sticky":false,"template":"","format":"standard","meta":{"_monsterinsights_skip_tracking":false,"_monsterinsights_sitenote_active":false,"_monsterinsights_sitenote_note":"","_monsterinsights_sitenote_category":0,"footnotes":""},"categories":[154],"tags":[15964,812,180],"class_list":["post-147916","post","type-post","status-publish","format-standard","has-post-thumbnail","hentry","category-veracruz","tag-campanas-politicas","tag-diputaciones-locales","tag-veracruz","wp-image-borders"],"amp_enabled":true,"_links":{"self":[{"href":"https:\/\/nvnoticias.mx\/index.php\/wp-json\/wp\/v2\/posts\/147916","targetHints":{"allow":["GET"]}}],"collection":[{"href":"https:\/\/nvnoticias.mx\/index.php\/wp-json\/wp\/v2\/posts"}],"about":[{"href":"https:\/\/nvnoticias.mx\/index.php\/wp-json\/wp\/v2\/types\/post"}],"author":[{"embeddable":true,"href":"https:\/\/nvnoticias.mx\/index.php\/wp-json\/wp\/v2\/users\/8"}],"replies":[{"embeddable":true,"href":"https:\/\/nvnoticias.mx\/index.php\/wp-json\/wp\/v2\/comments?post=147916"}],"version-history":[{"count":1,"href":"https:\/\/nvnoticias.mx\/index.php\/wp-json\/wp\/v2\/posts\/147916\/revisions"}],"predecessor-version":[{"id":147918,"href":"https:\/\/nvnoticias.mx\/index.php\/wp-json\/wp\/v2\/posts\/147916\/revisions\/147918"}],"wp:featuredmedia":[{"embeddable":true,"href":"https:\/\/nvnoticias.mx\/index.php\/wp-json\/wp\/v2\/media\/147917"}],"wp:attachment":[{"href":"https:\/\/nvnoticias.mx\/index.php\/wp-json\/wp\/v2\/media?parent=147916"}],"wp:term":[{"taxonomy":"category","embeddable":true,"href":"https:\/\/nvnoticias.mx\/index.php\/wp-json\/wp\/v2\/categories?post=147916"},{"taxonomy":"post_tag","embeddable":true,"href":"https:\/\/nvnoticias.mx\/index.php\/wp-json\/wp\/v2\/tags?post=147916"}],"curies":[{"name":"wp","href":"https:\/\/api.w.org\/{rel}","templated":true}]}}