{"id":147907,"date":"2024-04-30T15:07:44","date_gmt":"2024-04-30T21:07:44","guid":{"rendered":"https:\/\/nvnoticias.mx\/?p=147907"},"modified":"2024-04-30T15:07:46","modified_gmt":"2024-04-30T21:07:46","slug":"bayern-munich-y-real-madrid-empatan-en-la-primera-semifinal-de-la-champions-league","status":"publish","type":"post","link":"https:\/\/nvnoticias.mx\/index.php\/2024\/04\/30\/bayern-munich-y-real-madrid-empatan-en-la-primera-semifinal-de-la-champions-league\/","title":{"rendered":"Bayern M\u00fanich y Real Madrid empatan en la primera semifinal de la Champions League"},"content":{"rendered":"\n<p><\/p>\n\n\n\n<p>Bayern de M\u00fanich y Real Madrid empataron a dos en la ida de las semifinales de la Liga de Campeones, disputada en el Allianz Arena, tras un doblete de Vin\u00edcius Junior para el equipo espa\u00f1ol y los tantos de Leroy San\u00e9 y Harry Kane par los locales.<\/p>\n\n\n\n<p>Los germanos remontaron el tanto inicial de \u2018Vini\u2019 en solo cuatro minutos, en el 53 y el 57, pero el brasile\u00f1o volvi\u00f3 a poner la igualada, de penalti, en el 84.<\/p>\n","protected":false},"excerpt":{"rendered":"<p>Bayern de M\u00fanich y Real Madrid empataron a dos en la ida de las semifinales de la Liga de Campeones, disputada en el Allianz Arena, tras un doblete de Vin\u00edcius Junior para el equipo espa\u00f1ol y los tantos de Leroy San\u00e9 y Harry Kane par los locales. Los germanos remontaron el tanto inicial de \u2018Vini\u2019 [&hellip;]<\/p>\n","protected":false},"author":8,"featured_media":147908,"comment_status":"open","ping_status":"open","sticky":false,"template":"","format":"standard","meta":{"_monsterinsights_skip_tracking":false,"_monsterinsights_sitenote_active":false,"_monsterinsights_sitenote_note":"","_monsterinsights_sitenote_category":0,"footnotes":""},"categories":[159],"tags":[1302,3426,633,5335,3098],"class_list":["post-147907","post","type-post","status-publish","format-standard","has-post-thumbnail","hentry","category-deportes","tag-bayern-munich","tag-champions-league","tag-real-madrid","tag-semifinal","tag-uefa","wp-image-borders"],"amp_enabled":true,"_links":{"self":[{"href":"https:\/\/nvnoticias.mx\/index.php\/wp-json\/wp\/v2\/posts\/147907","targetHints":{"allow":["GET"]}}],"collection":[{"href":"https:\/\/nvnoticias.mx\/index.php\/wp-json\/wp\/v2\/posts"}],"about":[{"href":"https:\/\/nvnoticias.mx\/index.php\/wp-json\/wp\/v2\/types\/post"}],"author":[{"embeddable":true,"href":"https:\/\/nvnoticias.mx\/index.php\/wp-json\/wp\/v2\/users\/8"}],"replies":[{"embeddable":true,"href":"https:\/\/nvnoticias.mx\/index.php\/wp-json\/wp\/v2\/comments?post=147907"}],"version-history":[{"count":1,"href":"https:\/\/nvnoticias.mx\/index.php\/wp-json\/wp\/v2\/posts\/147907\/revisions"}],"predecessor-version":[{"id":147909,"href":"https:\/\/nvnoticias.mx\/index.php\/wp-json\/wp\/v2\/posts\/147907\/revisions\/147909"}],"wp:featuredmedia":[{"embeddable":true,"href":"https:\/\/nvnoticias.mx\/index.php\/wp-json\/wp\/v2\/media\/147908"}],"wp:attachment":[{"href":"https:\/\/nvnoticias.mx\/index.php\/wp-json\/wp\/v2\/media?parent=147907"}],"wp:term":[{"taxonomy":"category","embeddable":true,"href":"https:\/\/nvnoticias.mx\/index.php\/wp-json\/wp\/v2\/categories?post=147907"},{"taxonomy":"post_tag","embeddable":true,"href":"https:\/\/nvnoticias.mx\/index.php\/wp-json\/wp\/v2\/tags?post=147907"}],"curies":[{"name":"wp","href":"https:\/\/api.w.org\/{rel}","templated":true}]}}