{"id":14790,"date":"2021-05-31T12:12:08","date_gmt":"2021-05-31T17:12:08","guid":{"rendered":"https:\/\/nvnoticias.mx\/?p=14790"},"modified":"2021-05-31T12:12:59","modified_gmt":"2021-05-31T17:12:59","slug":"expresa-israel-molestia-con-mexico-por-votacion-en-la-onu","status":"publish","type":"post","link":"https:\/\/nvnoticias.mx\/index.php\/2021\/05\/31\/expresa-israel-molestia-con-mexico-por-votacion-en-la-onu\/","title":{"rendered":"Expresa Israel molestia con M\u00e9xico por votaci\u00f3n en la ONU"},"content":{"rendered":"\n<p>El\u00a0gobierno de Israel\u00a0expres\u00f3 molestia con\u00a0M\u00e9xico\u00a0por votar a favor de la creaci\u00f3n de una comisi\u00f3n que investigue los recientes hechos ocurridos en\u00a0territorio israel\u00ed y la Franja de Gaza.<\/p>\n\n\n\n<p>Se llam\u00f3 a consultas al\u00a0embajador de M\u00e9xico\u00a0acreditado en aquella naci\u00f3n,\u00a0Pablo Macedo, para cuestionar el voto.<\/p>\n\n\n\n<p>El diplom\u00e1tico mexicano fue convocado al Ministerio de Relaciones Exteriores, en donde dialog\u00f3 con el director general Adjunto para Am\u00e9rica Latina y El Caribe,\u00a0Modi Ephraim.<\/p>\n\n\n\n<p>Israel pidi\u00f3 a M\u00e9xico una\u00a0aclaraci\u00f3n sobre el voto mexicano\u00a0en el\u00a0Consejo de Derechos Humanos\u00a0a favor de la creaci\u00f3n de una comisi\u00f3n de investigaci\u00f3n contra Israel, tras lo ocurrido durante la operaci\u00f3n denominada\u00a0\u201cGuardi\u00e1n de los Muros\u201d.<\/p>\n\n\n\n<p>La semana pasada, en el Consejo de Derechos Humanos de la ONU, en Ginebra, acord\u00f3 -por mayor\u00eda- investigar los presuntos cr\u00edmenes de guerra cometidos durante las recientes hostilidades entre el ej\u00e9rcito de Israel y la milicia palestina de Hamas, en Gaza.<\/p>\n\n\n\n<p>Fuente: El Universal<\/p>\n","protected":false},"excerpt":{"rendered":"<p>El\u00a0gobierno de Israel\u00a0expres\u00f3 molestia con\u00a0M\u00e9xico\u00a0por votar a favor de la creaci\u00f3n de una comisi\u00f3n que investigue los recientes hechos ocurridos en\u00a0territorio israel\u00ed y la Franja de Gaza. Se llam\u00f3 a consultas al\u00a0embajador de M\u00e9xico\u00a0acreditado en aquella naci\u00f3n,\u00a0Pablo Macedo, para cuestionar el voto. El diplom\u00e1tico mexicano fue convocado al Ministerio de Relaciones Exteriores, en donde dialog\u00f3 [&hellip;]<\/p>\n","protected":false},"author":6,"featured_media":14797,"comment_status":"open","ping_status":"open","sticky":false,"template":"","format":"standard","meta":{"_monsterinsights_skip_tracking":false,"_monsterinsights_sitenote_active":false,"_monsterinsights_sitenote_note":"","_monsterinsights_sitenote_category":0,"footnotes":""},"categories":[181],"tags":[3337,292,513,3986],"class_list":["post-14790","post","type-post","status-publish","format-standard","has-post-thumbnail","hentry","category-internacional","tag-israel","tag-mexico","tag-onu","tag-votacion","wp-image-borders"],"amp_enabled":true,"_links":{"self":[{"href":"https:\/\/nvnoticias.mx\/index.php\/wp-json\/wp\/v2\/posts\/14790","targetHints":{"allow":["GET"]}}],"collection":[{"href":"https:\/\/nvnoticias.mx\/index.php\/wp-json\/wp\/v2\/posts"}],"about":[{"href":"https:\/\/nvnoticias.mx\/index.php\/wp-json\/wp\/v2\/types\/post"}],"author":[{"embeddable":true,"href":"https:\/\/nvnoticias.mx\/index.php\/wp-json\/wp\/v2\/users\/6"}],"replies":[{"embeddable":true,"href":"https:\/\/nvnoticias.mx\/index.php\/wp-json\/wp\/v2\/comments?post=14790"}],"version-history":[{"count":1,"href":"https:\/\/nvnoticias.mx\/index.php\/wp-json\/wp\/v2\/posts\/14790\/revisions"}],"predecessor-version":[{"id":14798,"href":"https:\/\/nvnoticias.mx\/index.php\/wp-json\/wp\/v2\/posts\/14790\/revisions\/14798"}],"wp:featuredmedia":[{"embeddable":true,"href":"https:\/\/nvnoticias.mx\/index.php\/wp-json\/wp\/v2\/media\/14797"}],"wp:attachment":[{"href":"https:\/\/nvnoticias.mx\/index.php\/wp-json\/wp\/v2\/media?parent=14790"}],"wp:term":[{"taxonomy":"category","embeddable":true,"href":"https:\/\/nvnoticias.mx\/index.php\/wp-json\/wp\/v2\/categories?post=14790"},{"taxonomy":"post_tag","embeddable":true,"href":"https:\/\/nvnoticias.mx\/index.php\/wp-json\/wp\/v2\/tags?post=14790"}],"curies":[{"name":"wp","href":"https:\/\/api.w.org\/{rel}","templated":true}]}}