{"id":14785,"date":"2021-05-31T12:04:20","date_gmt":"2021-05-31T17:04:20","guid":{"rendered":"https:\/\/nvnoticias.mx\/?p=14785"},"modified":"2021-05-31T12:05:40","modified_gmt":"2021-05-31T17:05:40","slug":"deportaciones-de-eu-van-a-la-baja","status":"publish","type":"post","link":"https:\/\/nvnoticias.mx\/index.php\/2021\/05\/31\/deportaciones-de-eu-van-a-la-baja\/","title":{"rendered":"Asegura el presidente que deportaciones de EU van a la baja"},"content":{"rendered":"\n<p>Las deportaciones de migrantes desde Estados Unidos han descendido, despu\u00e9s de que se registraran cifras cr\u00edticas en marzo, asegur\u00f3 el presidente&nbsp;Andr\u00e9s Manuel L\u00f3pez Obrador, quien atribuy\u00f3 dicho comportamiento al plan conjunto de su gobierno con el de Joe&nbsp;Biden.&nbsp;<\/p>\n\n\n\n<blockquote class=\"wp-block-quote is-layout-flow wp-block-quote-is-layout-flow\"><p>\u00a0&#8220;Les puedo adelantar que despu\u00e9s de marzo, que fue muy cr\u00edtico en cuanto a deportaciones, de los m\u00e1s altos de migrantes que quisieron cruzar la frontera,\u00a0un mes vamos a decir de r\u00e9cord hist\u00f3rico,\u00a0ya ha bajado porque ya iniciamos un plan conjunto que est\u00e1 empezando a dar resultados&#8221;.\u00a0\u00a0<\/p><\/blockquote>\n\n\n\n<p>El mandatario destac\u00f3 el trabajo que se ha realizado en t\u00e9rminos de cooperaci\u00f3n en el gobierno estadunidense, lo que se refleja, indic\u00f3, con la visita de la vicepresidenta Kamala Harris.\u00a0\u00a0<\/p>\n\n\n\n<blockquote class=\"wp-block-quote is-layout-flow wp-block-quote-is-layout-flow\"><p>&#8220;El que haya cooperaci\u00f3n es indispensable, no hay diferencias no hay pleitos, estamos obligados a ponernos de acuerdo, somos vecinos, tenemos en com\u00fan una frontera de 3 mil 180 kil\u00f3metros&#8221;, se\u00f1al\u00f3.\u00a0\u00a0<\/p><\/blockquote>\n\n\n\n<p>Detall\u00f3&nbsp;que&nbsp;durante la reuni\u00f3n con Kamala Harris, a celebrarse el 8 de junio, ser\u00e1 abordado el tema de la migraci\u00f3n, donde &#8220;se est\u00e1 avanzando bastante, es bueno el entendimiento&#8221;.&nbsp;&nbsp;<\/p>\n\n\n\n<p>L\u00f3pez Obrador indic\u00f3 que todav\u00eda falta disminuir las cifras relacionadas con la migraci\u00f3n, pero recalc\u00f3 que ya no est\u00e1n como en marzo, pues se <em>&#8220;ha ido bajando, poco, pero ha ido bajando&#8221;.\u00a0<\/em><\/p>\n\n\n\n<p>Fuente: <a href=\"https:\/\/www.milenio.com\/politica\/amlo-asegura-que-deportaciones-de-eu-van-a-la-baja\">Milenio<\/a><\/p>\n","protected":false},"excerpt":{"rendered":"<p>Las deportaciones de migrantes desde Estados Unidos han descendido, despu\u00e9s de que se registraran cifras cr\u00edticas en marzo, asegur\u00f3 el presidente&nbsp;Andr\u00e9s Manuel L\u00f3pez Obrador, quien atribuy\u00f3 dicho comportamiento al plan conjunto de su gobierno con el de Joe&nbsp;Biden.&nbsp; \u00a0&#8220;Les puedo adelantar que despu\u00e9s de marzo, que fue muy cr\u00edtico en cuanto a deportaciones, de los [&hellip;]<\/p>\n","protected":false},"author":6,"featured_media":14787,"comment_status":"open","ping_status":"open","sticky":false,"template":"","format":"standard","meta":{"_monsterinsights_skip_tracking":false,"_monsterinsights_sitenote_active":false,"_monsterinsights_sitenote_note":"","_monsterinsights_sitenote_category":0,"footnotes":""},"categories":[157],"tags":[188,4093,183],"class_list":["post-14785","post","type-post","status-publish","format-standard","has-post-thumbnail","hentry","category-nacional","tag-amlo","tag-deportaciones","tag-estados-unidos","wp-image-borders"],"amp_enabled":true,"_links":{"self":[{"href":"https:\/\/nvnoticias.mx\/index.php\/wp-json\/wp\/v2\/posts\/14785","targetHints":{"allow":["GET"]}}],"collection":[{"href":"https:\/\/nvnoticias.mx\/index.php\/wp-json\/wp\/v2\/posts"}],"about":[{"href":"https:\/\/nvnoticias.mx\/index.php\/wp-json\/wp\/v2\/types\/post"}],"author":[{"embeddable":true,"href":"https:\/\/nvnoticias.mx\/index.php\/wp-json\/wp\/v2\/users\/6"}],"replies":[{"embeddable":true,"href":"https:\/\/nvnoticias.mx\/index.php\/wp-json\/wp\/v2\/comments?post=14785"}],"version-history":[{"count":2,"href":"https:\/\/nvnoticias.mx\/index.php\/wp-json\/wp\/v2\/posts\/14785\/revisions"}],"predecessor-version":[{"id":14789,"href":"https:\/\/nvnoticias.mx\/index.php\/wp-json\/wp\/v2\/posts\/14785\/revisions\/14789"}],"wp:featuredmedia":[{"embeddable":true,"href":"https:\/\/nvnoticias.mx\/index.php\/wp-json\/wp\/v2\/media\/14787"}],"wp:attachment":[{"href":"https:\/\/nvnoticias.mx\/index.php\/wp-json\/wp\/v2\/media?parent=14785"}],"wp:term":[{"taxonomy":"category","embeddable":true,"href":"https:\/\/nvnoticias.mx\/index.php\/wp-json\/wp\/v2\/categories?post=14785"},{"taxonomy":"post_tag","embeddable":true,"href":"https:\/\/nvnoticias.mx\/index.php\/wp-json\/wp\/v2\/tags?post=14785"}],"curies":[{"name":"wp","href":"https:\/\/api.w.org\/{rel}","templated":true}]}}