{"id":147834,"date":"2024-04-30T10:07:03","date_gmt":"2024-04-30T16:07:03","guid":{"rendered":"https:\/\/nvnoticias.mx\/?p=147834"},"modified":"2024-04-30T10:10:13","modified_gmt":"2024-04-30T16:10:13","slug":"exhiben-en-la-mananera-de-amlo-a-juez-por-liberar-a-don-rodo","status":"publish","type":"post","link":"https:\/\/nvnoticias.mx\/index.php\/2024\/04\/30\/exhiben-en-la-mananera-de-amlo-a-juez-por-liberar-a-don-rodo\/","title":{"rendered":"Exhiben en la ma\u00f1anera de AMLO a juez por liberar a \u201cDon Rodo\u201d"},"content":{"rendered":"\n<p>Horas despu\u00e9s de que saliera en libertad del penal del Altiplano, en el Estado de M\u00e9xico, Luis Rodr\u00edguez Bucio, subsecretario de la Secretar\u00eda de Seguridad y Protecci\u00f3n Ciudadana (SSPC), acus\u00f3 al juez Rogelio Le\u00f3n D\u00edaz Villarreal de haber favorecido y no vincular a proceso a Abraham Oseguera Cervantes \u201cDon Rodo\u201d, hermano de Nemesio Rub\u00e9n Oseguera Cervantes \u201cEl Mencho\u201d, l\u00edder del C\u00e1rtel Jalisco Nueva Generaci\u00f3n (CJNG).<\/p>\n\n\n\n<p>El subsecretario Rodr\u00edguez Bucio acus\u00f3 en la ma\u00f1anera de este martes 30 de abril en Palacio Nacional, que el juez federal se bas\u00f3 en el contenido de varios videos que, indic\u00f3, pudieron ser editados o manipulados.<\/p>\n\n\n\n<blockquote class=\"wp-block-quote is-layout-flow wp-block-quote-is-layout-flow\">\n<p>\u201cEl juez que lo apoy\u00f3, lo favoreci\u00f3 es el juez Rogelio Le\u00f3n Diaz Villarreal, juez de control adscrito al Centro Penal de Justicia del Penal Federal en el Estado de Mexicano en Almoloya\u201d, acus\u00f3.<\/p>\n<\/blockquote>\n\n\n\n<p>En la secci\u00f3n \u201cJueces que favorecen a presuntos delincuentes\u201d, el subsecretario detall\u00f3 que \u201cDon Rodo\u201d fue detenido en flagrancia el 21 de abril en Autl\u00e1n de Navarro, Jalisco, por elementos de la Guardia Nacional y el Ej\u00e9rcito mexicano, en coordinaci\u00f3n con la Fiscal\u00eda General de la Rep\u00fablica (FGR) en posesi\u00f3n de dos armas, cartuchos, cargadores y m\u00e1s de 2 mil pastillas de fentanilo y dosis de coca\u00edna.<\/p>\n\n\n\n<p>Frente al presidente Andr\u00e9s Manuel L\u00f3pez Obrador, Rodr\u00edguez Bucio se\u00f1al\u00f3 que la defensa del hermano de \u201cEl Mencho\u201d present\u00f3 tres videos; dos de ellos, dos horas antes del inicio de la audiencia el el domingo 28 de abril y por lo que \u201cel juez D\u00edaz Villarreal decreta la no vinculaci\u00f3n a proceso en favor del detenido y ordena su inmediata libertad. La Fiscal\u00eda presentar\u00e1 su recurso de apelaci\u00f3n\u201d.<\/p>\n\n\n\n<p>El subsecretario de Seguridad acus\u00f3 que los principales argumentos del juez D\u00edaz Villarreal fue que consider\u00f3 \u201cinveros\u00edmil\u201d que una persona de 71 a\u00f1os -aunque tiene 70 a\u00f1os\u2014 se encontrara a las 03:48 horas de la ma\u00f1ana, \u201caltamente armado y con el narc\u00f3tico, o sea las pastillas de fentanilo y la coca\u00edna, ya que en una l\u00f3gica si fuera una persona que vendiera estupefacientes las tendr\u00eda en su casa y no en su cuerpo\u201d.<\/p>\n\n\n\n<p>Fuente: <a href=\"https:\/\/www.eluniversal.com.mx\/nacion\/exhiben-en-la-mananera-de-amlo-a-juez-por-liberar-a-don-rodo-hermano-de-el-mencho\/\" data-type=\"link\" data-id=\"https:\/\/www.eluniversal.com.mx\/nacion\/exhiben-en-la-mananera-de-amlo-a-juez-por-liberar-a-don-rodo-hermano-de-el-mencho\/\">El Universal <\/a><br><\/p>\n","protected":false},"excerpt":{"rendered":"<p>Horas despu\u00e9s de que saliera en libertad del penal del Altiplano, en el Estado de M\u00e9xico, Luis Rodr\u00edguez Bucio, subsecretario de la Secretar\u00eda de Seguridad y Protecci\u00f3n Ciudadana (SSPC), acus\u00f3 al juez Rogelio Le\u00f3n D\u00edaz Villarreal de haber favorecido y no vincular a proceso a Abraham Oseguera Cervantes \u201cDon Rodo\u201d, hermano de Nemesio Rub\u00e9n Oseguera [&hellip;]<\/p>\n","protected":false},"author":35,"featured_media":147836,"comment_status":"open","ping_status":"open","sticky":false,"template":"","format":"standard","meta":{"_monsterinsights_skip_tracking":false,"_monsterinsights_sitenote_active":false,"_monsterinsights_sitenote_note":"","_monsterinsights_sitenote_category":0,"footnotes":""},"categories":[157],"tags":[24955,29951,162],"class_list":["post-147834","post","type-post","status-publish","format-standard","has-post-thumbnail","hentry","category-nacional","tag-amlo-2","tag-don-rodo","tag-portada","wp-image-borders"],"amp_enabled":true,"_links":{"self":[{"href":"https:\/\/nvnoticias.mx\/index.php\/wp-json\/wp\/v2\/posts\/147834","targetHints":{"allow":["GET"]}}],"collection":[{"href":"https:\/\/nvnoticias.mx\/index.php\/wp-json\/wp\/v2\/posts"}],"about":[{"href":"https:\/\/nvnoticias.mx\/index.php\/wp-json\/wp\/v2\/types\/post"}],"author":[{"embeddable":true,"href":"https:\/\/nvnoticias.mx\/index.php\/wp-json\/wp\/v2\/users\/35"}],"replies":[{"embeddable":true,"href":"https:\/\/nvnoticias.mx\/index.php\/wp-json\/wp\/v2\/comments?post=147834"}],"version-history":[{"count":2,"href":"https:\/\/nvnoticias.mx\/index.php\/wp-json\/wp\/v2\/posts\/147834\/revisions"}],"predecessor-version":[{"id":147839,"href":"https:\/\/nvnoticias.mx\/index.php\/wp-json\/wp\/v2\/posts\/147834\/revisions\/147839"}],"wp:featuredmedia":[{"embeddable":true,"href":"https:\/\/nvnoticias.mx\/index.php\/wp-json\/wp\/v2\/media\/147836"}],"wp:attachment":[{"href":"https:\/\/nvnoticias.mx\/index.php\/wp-json\/wp\/v2\/media?parent=147834"}],"wp:term":[{"taxonomy":"category","embeddable":true,"href":"https:\/\/nvnoticias.mx\/index.php\/wp-json\/wp\/v2\/categories?post=147834"},{"taxonomy":"post_tag","embeddable":true,"href":"https:\/\/nvnoticias.mx\/index.php\/wp-json\/wp\/v2\/tags?post=147834"}],"curies":[{"name":"wp","href":"https:\/\/api.w.org\/{rel}","templated":true}]}}