{"id":147825,"date":"2024-04-30T09:39:50","date_gmt":"2024-04-30T15:39:50","guid":{"rendered":"https:\/\/nvnoticias.mx\/?p=147825"},"modified":"2024-04-30T10:10:25","modified_gmt":"2024-04-30T16:10:25","slug":"extienden-seguridad-en-palacio-nacional-ante-amago-de-normalistas-de-asistir-a-la-mananera-de-amlo","status":"publish","type":"post","link":"https:\/\/nvnoticias.mx\/index.php\/2024\/04\/30\/extienden-seguridad-en-palacio-nacional-ante-amago-de-normalistas-de-asistir-a-la-mananera-de-amlo\/","title":{"rendered":"Extienden seguridad en Palacio Nacional ante amago de normalistas de asistir a la ma\u00f1anera de AMLO"},"content":{"rendered":"\n<p>Elementos de la Secretar\u00eda de Seguridad de la Ciudad de M\u00e9xico reforzaron este martes 30 de abril el cerco de seguridad en Palacio Nacional.<\/p>\n\n\n\n<p>Adem\u00e1s de vallas met\u00e1licas de m\u00e1s de dos metros instaladas en la fachada principal de la sede del Poder Ejecutivo, el per\u00edmetro se extendi\u00f3 a las calles aleda\u00f1as.<\/p>\n\n\n\n<p>As\u00ed amanecieron cerradas las cruces de Correo Mayor y Donceles, el Callej\u00f3n de Soledad y la Calle de Corregidora, entre otras.<\/p>\n\n\n\n<p>De manera extraoficial se conoci\u00f3 que el aumento de la seguridad se debe a que normalistas de Ayotzinapa, en plant\u00f3n en el Circuito de la Plaza de la Constituci\u00f3n, amagaron en presentarse en la conferencia ma\u00f1anera para exigir al Ejecutivo que reciba a las madres y padres de los 43 desaparecidos desde septiembre de 2014.<\/p>\n\n\n\n<p>Fuente:<a href=\"https:\/\/www.eluniversal.com.mx\/nacion\/extienden-seguridad-en-palacio-nacional-ante-amago-de-normalistas-de-asistir-a-la-mananera-de-amlo\/\" data-type=\"link\" data-id=\"https:\/\/www.eluniversal.com.mx\/nacion\/extienden-seguridad-en-palacio-nacional-ante-amago-de-normalistas-de-asistir-a-la-mananera-de-amlo\/\"> El Universal<\/a><br><\/p>\n\n\n\n<p><\/p>\n","protected":false},"excerpt":{"rendered":"<p>Elementos de la Secretar\u00eda de Seguridad de la Ciudad de M\u00e9xico reforzaron este martes 30 de abril el cerco de seguridad en Palacio Nacional. Adem\u00e1s de vallas met\u00e1licas de m\u00e1s de dos metros instaladas en la fachada principal de la sede del Poder Ejecutivo, el per\u00edmetro se extendi\u00f3 a las calles aleda\u00f1as. As\u00ed amanecieron cerradas [&hellip;]<\/p>\n","protected":false},"author":35,"featured_media":6766,"comment_status":"open","ping_status":"open","sticky":false,"template":"","format":"standard","meta":{"_monsterinsights_skip_tracking":false,"_monsterinsights_sitenote_active":false,"_monsterinsights_sitenote_note":"","_monsterinsights_sitenote_category":0,"footnotes":""},"categories":[157],"tags":[24955,3416,1057,162],"class_list":["post-147825","post","type-post","status-publish","format-standard","has-post-thumbnail","hentry","category-nacional","tag-amlo-2","tag-normalistas","tag-palacio-nacional","tag-portada","wp-image-borders"],"amp_enabled":true,"_links":{"self":[{"href":"https:\/\/nvnoticias.mx\/index.php\/wp-json\/wp\/v2\/posts\/147825","targetHints":{"allow":["GET"]}}],"collection":[{"href":"https:\/\/nvnoticias.mx\/index.php\/wp-json\/wp\/v2\/posts"}],"about":[{"href":"https:\/\/nvnoticias.mx\/index.php\/wp-json\/wp\/v2\/types\/post"}],"author":[{"embeddable":true,"href":"https:\/\/nvnoticias.mx\/index.php\/wp-json\/wp\/v2\/users\/35"}],"replies":[{"embeddable":true,"href":"https:\/\/nvnoticias.mx\/index.php\/wp-json\/wp\/v2\/comments?post=147825"}],"version-history":[{"count":2,"href":"https:\/\/nvnoticias.mx\/index.php\/wp-json\/wp\/v2\/posts\/147825\/revisions"}],"predecessor-version":[{"id":147827,"href":"https:\/\/nvnoticias.mx\/index.php\/wp-json\/wp\/v2\/posts\/147825\/revisions\/147827"}],"wp:featuredmedia":[{"embeddable":true,"href":"https:\/\/nvnoticias.mx\/index.php\/wp-json\/wp\/v2\/media\/6766"}],"wp:attachment":[{"href":"https:\/\/nvnoticias.mx\/index.php\/wp-json\/wp\/v2\/media?parent=147825"}],"wp:term":[{"taxonomy":"category","embeddable":true,"href":"https:\/\/nvnoticias.mx\/index.php\/wp-json\/wp\/v2\/categories?post=147825"},{"taxonomy":"post_tag","embeddable":true,"href":"https:\/\/nvnoticias.mx\/index.php\/wp-json\/wp\/v2\/tags?post=147825"}],"curies":[{"name":"wp","href":"https:\/\/api.w.org\/{rel}","templated":true}]}}