{"id":147616,"date":"2024-04-27T12:24:16","date_gmt":"2024-04-27T18:24:16","guid":{"rendered":"https:\/\/nvnoticias.mx\/?p=147616"},"modified":"2024-04-27T12:24:17","modified_gmt":"2024-04-27T18:24:17","slug":"habra-clases-el-dia-de-las-madres-aqui-te-decimos","status":"publish","type":"post","link":"https:\/\/nvnoticias.mx\/index.php\/2024\/04\/27\/habra-clases-el-dia-de-las-madres-aqui-te-decimos\/","title":{"rendered":"\u00bfHabr\u00e1 clases el D\u00eda de las Madres?, aqu\u00ed te decimos"},"content":{"rendered":"\n<p><\/p>\n\n\n\n<p>Estamos a pocos d\u00edas de darle la bienvenida a mayo, uno de los meses con celebraciones importantes para todos los sectores de la poblaci\u00f3n iniciando con el\u00a0D\u00eda del Trabajo\u00a0el cual es considerado por la\u00a0Ley Federal del Trabajo\u00a0como de descanso oficial; sin embargo, hay un d\u00eda que quiz\u00e1 pueda ser de mayor relevancia que el resto de los que se consideran en el mes: el\u00a0<strong>D\u00eda de las Madres<\/strong>. Por esta fecha,\u00a0<strong>\u00bfhabr\u00e1 clases?<\/strong><\/p>\n\n\n\n<p>Cada 10 de mayo todo M\u00e9xico se muestra emocionado por esta celebraci\u00f3n, independientemente del d\u00eda de la semana en que caiga. Esta fecha tiene un fuerte arraigo cultural en el pa\u00eds y es considerada una de las m\u00e1s significativas y emotivas. Las festividades en honor a las madres incluyen reuniones familiares, comidas, m\u00fasica y regalos. Incluso, este 2024 la Confederaci\u00f3n de C\u00e1maras Nacionales de Comercio, Servicios y Turismo (Concanaco Servytur) estima una derrama econ\u00f3mica de por lo menos\u00a070 mil 300 millones de pesos.<\/p>\n\n\n\n<p>En ese tenor, es com\u00fan que las escuelas organicen eventos especiales donde los ni\u00f1os realizan\u00a0presentaciones art\u00edsticas y manualidades\u00a0como obsequios para sus madres. Al tomar en cuenta que la fecha cae al t\u00e9rmino de la semana, la Secretar\u00eda de Educaci\u00f3n P\u00fablica (SEP) aclar\u00f3 si ser\u00e1 obligatorio o no que los menores de edad acudan a las aulas para con ello, poder disfrutar de un fin de semana largo.<\/p>\n\n\n\n<p><strong>\u00bfHay clases el 10 de mayo en M\u00e9xico?<br><\/strong>La dependencia actualmente encabezada por Leticia Ram\u00edrez dio a conocer a mediados del 2023 el calendario escolar para el ciclo 2023-2024. Por ello, ha llamado la atenci\u00f3n que esta importante fecha no est\u00e1 marcada como de descanso oficial o bien, con suspensi\u00f3n de labores, lo que significa que todas las actividades, sin importar las que sean, se deber\u00e1n llevar a cabo de manera ordinaria.<\/p>\n\n\n\n<p>Cabe destacar que depender\u00e1 de cada uno de los centros educativos informar sobre modificaciones en el horario, es decir, si se llevan a cabo festivales, existe la posibilidad de que al t\u00e9rmino de los mismos tanto las madres de familia como los estudiantes puedan irse a casa para disfrutar del resto del d\u00eda.<\/p>\n\n\n\n<p>Considerando lo expuesto en la Ley federal del Trabajo, los \u00fanicos d\u00edas que se marcan como de descanso oficial en el mes de mayo es el d\u00eda 1 por el D\u00eda del Trabajo, el cual se deber\u00e1n poner una pausa a todas las actividades y, aquellos que por su rol no puedan ausentarse,&nbsp;<strong>recibir\u00e1n un pago triple.<\/strong><\/p>\n\n\n\n<p>En el caso de los d\u00edas importantes en temas culturales, el d\u00eda 3 de mayo se celebra a la Santa Cruz para despu\u00e9s dar paso a la conmemoraci\u00f3n de la\u00a0Batalla de Puebla\u00a0la cual se celebra el 5 de mayo. Los maestros son homenajeados el d\u00eda 15 y finalmente el d\u00eda 31 del quinto mes de a\u00f1o se llevar\u00e1 a cabo la\u00a0Junta de Consejo T\u00e9cnico,\u00a0por lo que solo el d\u00eda antes descrito es el \u00fanico donde los estudiantes no tendr\u00e1n actividades.<\/p>\n\n\n\n<p>Es importante recordar que las autoridades educativas consideran un d\u00eda al mes para llevar a cabo la Junta de Consejo T\u00e9cnico donde el personal docente y administrativo analiza el programa para hacer que la ense\u00f1anza beneficie a los alumnos matriculados, al tiempo de considerar cambios en el mismo a favor de la ni\u00f1ez mexicana. Esta actividad es realizada el \u00faltimo viernes y por ello, no hay actividades solo para el alumnado.<\/p>\n\n\n\n<p>Los estudiantes que por alg\u00fan motivo decidan no acudir a clases el d\u00eda 10 o 15 de mayo, podr\u00edan ser acreedores a una sanci\u00f3n por parte del personal docente, lo que depender\u00e1 de las autoridades de cada uno de los centros educativos ubicados en las 32 entidades federativas de la naci\u00f3n.<\/p>\n\n\n\n<p>Fuente: <a href=\"https:\/\/www.infobae.com\/mexico\/2024\/04\/27\/se-cancelan-las-clases-en-el-pais-por-el-dia-de-las-madres-esto-dice-la-sep\/\">Infobae<\/a><\/p>\n","protected":false},"excerpt":{"rendered":"<p>Estamos a pocos d\u00edas de darle la bienvenida a mayo, uno de los meses con celebraciones importantes para todos los sectores de la poblaci\u00f3n iniciando con el\u00a0D\u00eda del Trabajo\u00a0el cual es considerado por la\u00a0Ley Federal del Trabajo\u00a0como de descanso oficial; sin embargo, hay un d\u00eda que quiz\u00e1 pueda ser de mayor relevancia que el resto [&hellip;]<\/p>\n","protected":false},"author":6,"featured_media":147617,"comment_status":"open","ping_status":"open","sticky":false,"template":"","format":"standard","meta":{"_monsterinsights_skip_tracking":false,"_monsterinsights_sitenote_active":false,"_monsterinsights_sitenote_note":"","_monsterinsights_sitenote_category":0,"footnotes":""},"categories":[157],"tags":[3477],"class_list":["post-147616","post","type-post","status-publish","format-standard","has-post-thumbnail","hentry","category-nacional","tag-dia-de-las-madres","wp-image-borders"],"amp_enabled":true,"_links":{"self":[{"href":"https:\/\/nvnoticias.mx\/index.php\/wp-json\/wp\/v2\/posts\/147616","targetHints":{"allow":["GET"]}}],"collection":[{"href":"https:\/\/nvnoticias.mx\/index.php\/wp-json\/wp\/v2\/posts"}],"about":[{"href":"https:\/\/nvnoticias.mx\/index.php\/wp-json\/wp\/v2\/types\/post"}],"author":[{"embeddable":true,"href":"https:\/\/nvnoticias.mx\/index.php\/wp-json\/wp\/v2\/users\/6"}],"replies":[{"embeddable":true,"href":"https:\/\/nvnoticias.mx\/index.php\/wp-json\/wp\/v2\/comments?post=147616"}],"version-history":[{"count":1,"href":"https:\/\/nvnoticias.mx\/index.php\/wp-json\/wp\/v2\/posts\/147616\/revisions"}],"predecessor-version":[{"id":147618,"href":"https:\/\/nvnoticias.mx\/index.php\/wp-json\/wp\/v2\/posts\/147616\/revisions\/147618"}],"wp:featuredmedia":[{"embeddable":true,"href":"https:\/\/nvnoticias.mx\/index.php\/wp-json\/wp\/v2\/media\/147617"}],"wp:attachment":[{"href":"https:\/\/nvnoticias.mx\/index.php\/wp-json\/wp\/v2\/media?parent=147616"}],"wp:term":[{"taxonomy":"category","embeddable":true,"href":"https:\/\/nvnoticias.mx\/index.php\/wp-json\/wp\/v2\/categories?post=147616"},{"taxonomy":"post_tag","embeddable":true,"href":"https:\/\/nvnoticias.mx\/index.php\/wp-json\/wp\/v2\/tags?post=147616"}],"curies":[{"name":"wp","href":"https:\/\/api.w.org\/{rel}","templated":true}]}}