{"id":147558,"date":"2024-04-26T13:42:53","date_gmt":"2024-04-26T19:42:53","guid":{"rendered":"https:\/\/nvnoticias.mx\/?p=147558"},"modified":"2024-04-26T13:42:55","modified_gmt":"2024-04-26T19:42:55","slug":"participo-imss-veracruz-norte-en-jornada-nacional-de-la-seguridad-y-salud-en-el-trabajo","status":"publish","type":"post","link":"https:\/\/nvnoticias.mx\/index.php\/2024\/04\/26\/participo-imss-veracruz-norte-en-jornada-nacional-de-la-seguridad-y-salud-en-el-trabajo\/","title":{"rendered":"Particip\u00f3\u00a0IMSS\u00a0Veracruz Norte en Jornada Nacional de\u00a0la Seguridad y\u00a0Salud en el Trabajo"},"content":{"rendered":"\n<p>Con&nbsp;el objetivo&nbsp;de&nbsp;disminuir los accidentes y riesgos en&nbsp;las empresas,&nbsp;en un entorno&nbsp;seguro y saludable,&nbsp;el Instituto Mexicano del Seguro Social (IMSS) en Veracruz Norte se sum\u00f3&nbsp;a&nbsp;la Jornada Nacional de la Seguridad y Salud en el Trabajo, la cual se lleva&nbsp;a cabo del 22 al 29&nbsp;de abril del a\u00f1o en curso,&nbsp;en las modalidades virtual y presencial.<\/p>\n\n\n\n<p>En ese sentido,&nbsp;en la sede de la Representaci\u00f3n&nbsp;se entregaron los&nbsp;\u201cDistintivos&nbsp;ELSSA\u201d a&nbsp;las&nbsp;empresas que han implementado eficazmente el&nbsp;Programa Entornos Laborales Seguros y Saludables en beneficio de sus empleados&nbsp;y colaboradores.<\/p>\n\n\n\n<p>Posteriormente,&nbsp;se imparti\u00f3&nbsp;la conferencia magistral \u201cPrevenci\u00f3n de Accidentes de Trabajo en Mano y Tobillo\u201d, con la finalidad de evitar&nbsp;este tipo de&nbsp;lesiones,&nbsp;las cualessuelen ser&nbsp;frecuentes&nbsp;a pesar de que se han identificado&nbsp;el&nbsp;c\u00f3mo&nbsp;prevenirlos.<\/p>\n\n\n\n<p>Para finalizar,&nbsp;se&nbsp;expusieron&nbsp;las conferencias: \u201cBuenas Pr\u00e1cticas para la Prevenci\u00f3n de Accidentes de Trabajo\u201d, \u201cRiesgos de Trabajo y Nueva Tabla de Enfermedades de Trabajo y Evaluaci\u00f3n de Incapacidad Permanente\u201d,&nbsp;as\u00ed como \u201cRepercusiones del Cambio Clim\u00e1tico en la Seguridad y la Salud en el Trabajo de la Regi\u00f3n.<\/p>\n\n\n\n<p>Con&nbsp;dichas acciones, el Seguro Social busca fortalecer el&nbsp;Programa ELSSA en las empresas, disminuyendo las incapacidades por riesgo de trabajo, a trav\u00e9s de la capacitaci\u00f3n y actualizaci\u00f3n de procedimientos.<\/p>\n","protected":false},"excerpt":{"rendered":"<p>Con&nbsp;el objetivo&nbsp;de&nbsp;disminuir los accidentes y riesgos en&nbsp;las empresas,&nbsp;en un entorno&nbsp;seguro y saludable,&nbsp;el Instituto Mexicano del Seguro Social (IMSS) en Veracruz Norte se sum\u00f3&nbsp;a&nbsp;la Jornada Nacional de la Seguridad y Salud en el Trabajo, la cual se lleva&nbsp;a cabo del 22 al 29&nbsp;de abril del a\u00f1o en curso,&nbsp;en las modalidades virtual y presencial. En ese sentido,&nbsp;en [&hellip;]<\/p>\n","protected":false},"author":35,"featured_media":147559,"comment_status":"open","ping_status":"open","sticky":false,"template":"","format":"standard","meta":{"_monsterinsights_skip_tracking":false,"_monsterinsights_sitenote_active":false,"_monsterinsights_sitenote_note":"","_monsterinsights_sitenote_category":0,"footnotes":""},"categories":[154],"tags":[1687],"class_list":["post-147558","post","type-post","status-publish","format-standard","has-post-thumbnail","hentry","category-veracruz","tag-imss-veracruz-norte","wp-image-borders"],"amp_enabled":true,"_links":{"self":[{"href":"https:\/\/nvnoticias.mx\/index.php\/wp-json\/wp\/v2\/posts\/147558","targetHints":{"allow":["GET"]}}],"collection":[{"href":"https:\/\/nvnoticias.mx\/index.php\/wp-json\/wp\/v2\/posts"}],"about":[{"href":"https:\/\/nvnoticias.mx\/index.php\/wp-json\/wp\/v2\/types\/post"}],"author":[{"embeddable":true,"href":"https:\/\/nvnoticias.mx\/index.php\/wp-json\/wp\/v2\/users\/35"}],"replies":[{"embeddable":true,"href":"https:\/\/nvnoticias.mx\/index.php\/wp-json\/wp\/v2\/comments?post=147558"}],"version-history":[{"count":2,"href":"https:\/\/nvnoticias.mx\/index.php\/wp-json\/wp\/v2\/posts\/147558\/revisions"}],"predecessor-version":[{"id":147561,"href":"https:\/\/nvnoticias.mx\/index.php\/wp-json\/wp\/v2\/posts\/147558\/revisions\/147561"}],"wp:featuredmedia":[{"embeddable":true,"href":"https:\/\/nvnoticias.mx\/index.php\/wp-json\/wp\/v2\/media\/147559"}],"wp:attachment":[{"href":"https:\/\/nvnoticias.mx\/index.php\/wp-json\/wp\/v2\/media?parent=147558"}],"wp:term":[{"taxonomy":"category","embeddable":true,"href":"https:\/\/nvnoticias.mx\/index.php\/wp-json\/wp\/v2\/categories?post=147558"},{"taxonomy":"post_tag","embeddable":true,"href":"https:\/\/nvnoticias.mx\/index.php\/wp-json\/wp\/v2\/tags?post=147558"}],"curies":[{"name":"wp","href":"https:\/\/api.w.org\/{rel}","templated":true}]}}