{"id":147533,"date":"2024-04-26T12:15:45","date_gmt":"2024-04-26T18:15:45","guid":{"rendered":"https:\/\/nvnoticias.mx\/?p=147533"},"modified":"2024-04-26T12:15:47","modified_gmt":"2024-04-26T18:15:47","slug":"amlo-vera-el-segundo-debate-presidencial-tras-arremeter-contra-el-primero","status":"publish","type":"post","link":"https:\/\/nvnoticias.mx\/index.php\/2024\/04\/26\/amlo-vera-el-segundo-debate-presidencial-tras-arremeter-contra-el-primero\/","title":{"rendered":"AMLO ver\u00e1 el segundo debate presidencial tras arremeter contra el primero"},"content":{"rendered":"\n<p>\u201cVamos a ver, como dir\u00eda Santo Tom\u00e1s, vamos a ver c\u00f3mo se presenta ahora\u201d, asegur\u00f3 el presidente\u00a0<strong>Andr\u00e9s Manuel L\u00f3pez Obrador<\/strong>\u00a0sobre el <strong>segundo debate<\/strong>\u00a0entre los candidatos presidenciales de este domingo.<\/p>\n\n\n\n<p>El presidente L\u00f3pez Obrador ha manifestado sus cr\u00edticas sobre el primer debate entre los candidatos de Morena, PT, PVEM&nbsp;<strong>Claudia Sheinbaum<\/strong>; PAN, PRI y PRD,<strong>&nbsp;X\u00f3chitl G\u00e1lvez;<\/strong>&nbsp;y de Movimiento Ciudadano,&nbsp;<strong>Jorge \u00c1lvarez M\u00e1ynez<\/strong>.<\/p>\n\n\n\n<p>La cr\u00edtica fue porque las preguntas que hicieron los moderadores, seg\u00fan L\u00f3pez Obrador, se enfocaron en aspectos negativos de su gobierno y no se reconocieron sus logros.<\/p>\n\n\n\n<p>En su conferencia ma\u00f1anera de este viernes 26 de abril en Palacio Nacional, el presidente L\u00f3pez Obrador dijo que ver\u00e1 el segundo debate a su regreso de su gira de trabajo por el sureste de M\u00e9xico, donde supervisar\u00e1 los avances en la construcci\u00f3n del&nbsp;<strong>Tren Maya<\/strong>.<\/p>\n\n\n\n<blockquote class=\"wp-block-quote is-layout-flow wp-block-quote-is-layout-flow\">\n<p>\u201cS\u00ed lo voy a ver el domingo, creo que ya voy a estar de regreso. La gira que vamos a hacer este fin de semana. Voy a Campeche, Yucat\u00e1n, Quintana Roo, estamos trabajando para concluir las obras, ya est\u00e1 operando el tren Maya de Palenque hasta Canc\u00fan y de Canc\u00fan a Playa del Carmen\u201d, dijo.<\/p>\n<\/blockquote>\n\n\n\n<p>Fuente: <a href=\"https:\/\/www.eluniversal.com.mx\/nacion\/como-diria-santo-tomas-amlo-vera-el-segundo-debate-presidencial-tras-arremeter-contra-el-primero\/\" data-type=\"link\" data-id=\"https:\/\/www.eluniversal.com.mx\/nacion\/como-diria-santo-tomas-amlo-vera-el-segundo-debate-presidencial-tras-arremeter-contra-el-primero\/\">El Universal<\/a><\/p>\n","protected":false},"excerpt":{"rendered":"<p>\u201cVamos a ver, como dir\u00eda Santo Tom\u00e1s, vamos a ver c\u00f3mo se presenta ahora\u201d, asegur\u00f3 el presidente\u00a0Andr\u00e9s Manuel L\u00f3pez Obrador\u00a0sobre el segundo debate\u00a0entre los candidatos presidenciales de este domingo. El presidente L\u00f3pez Obrador ha manifestado sus cr\u00edticas sobre el primer debate entre los candidatos de Morena, PT, PVEM&nbsp;Claudia Sheinbaum; PAN, PRI y PRD,&nbsp;X\u00f3chitl G\u00e1lvez;&nbsp;y de [&hellip;]<\/p>\n","protected":false},"author":35,"featured_media":145559,"comment_status":"open","ping_status":"open","sticky":false,"template":"","format":"standard","meta":{"_monsterinsights_skip_tracking":false,"_monsterinsights_sitenote_active":false,"_monsterinsights_sitenote_note":"","_monsterinsights_sitenote_category":0,"footnotes":""},"categories":[158],"tags":[188,29400,8853,29942],"class_list":["post-147533","post","type-post","status-publish","format-standard","has-post-thumbnail","hentry","category-politica","tag-amlo","tag-debate-presidencial","tag-segundo","tag-vera-2","wp-image-borders"],"amp_enabled":true,"_links":{"self":[{"href":"https:\/\/nvnoticias.mx\/index.php\/wp-json\/wp\/v2\/posts\/147533","targetHints":{"allow":["GET"]}}],"collection":[{"href":"https:\/\/nvnoticias.mx\/index.php\/wp-json\/wp\/v2\/posts"}],"about":[{"href":"https:\/\/nvnoticias.mx\/index.php\/wp-json\/wp\/v2\/types\/post"}],"author":[{"embeddable":true,"href":"https:\/\/nvnoticias.mx\/index.php\/wp-json\/wp\/v2\/users\/35"}],"replies":[{"embeddable":true,"href":"https:\/\/nvnoticias.mx\/index.php\/wp-json\/wp\/v2\/comments?post=147533"}],"version-history":[{"count":2,"href":"https:\/\/nvnoticias.mx\/index.php\/wp-json\/wp\/v2\/posts\/147533\/revisions"}],"predecessor-version":[{"id":147535,"href":"https:\/\/nvnoticias.mx\/index.php\/wp-json\/wp\/v2\/posts\/147533\/revisions\/147535"}],"wp:featuredmedia":[{"embeddable":true,"href":"https:\/\/nvnoticias.mx\/index.php\/wp-json\/wp\/v2\/media\/145559"}],"wp:attachment":[{"href":"https:\/\/nvnoticias.mx\/index.php\/wp-json\/wp\/v2\/media?parent=147533"}],"wp:term":[{"taxonomy":"category","embeddable":true,"href":"https:\/\/nvnoticias.mx\/index.php\/wp-json\/wp\/v2\/categories?post=147533"},{"taxonomy":"post_tag","embeddable":true,"href":"https:\/\/nvnoticias.mx\/index.php\/wp-json\/wp\/v2\/tags?post=147533"}],"curies":[{"name":"wp","href":"https:\/\/api.w.org\/{rel}","templated":true}]}}