{"id":147522,"date":"2024-04-26T12:03:11","date_gmt":"2024-04-26T18:03:11","guid":{"rendered":"https:\/\/nvnoticias.mx\/?p=147522"},"modified":"2024-04-26T12:03:13","modified_gmt":"2024-04-26T18:03:13","slug":"insiste-amlo-en-que-eu-elimine-su-informe-sobre-derechos-humanos-por-violatorio-a-soberanias","status":"publish","type":"post","link":"https:\/\/nvnoticias.mx\/index.php\/2024\/04\/26\/insiste-amlo-en-que-eu-elimine-su-informe-sobre-derechos-humanos-por-violatorio-a-soberanias\/","title":{"rendered":"Insiste AMLO en que EU elimine su informe sobre derechos humanos por \u201cviolatorio\u201d a soberan\u00edas"},"content":{"rendered":"\n<p>El presidente\u00a0<strong>Andr\u00e9s Manuel L\u00f3pez Obrador<\/strong>\u00a0llam\u00f3 al gobierno de Estados Unidos a eliminar su Informe Anual sobre<strong>\u00a0Derechos Humanos<\/strong>\u00a0del Departamento de Estados Unidos, pues lo acus\u00f3 de ser violatorio a la\u00a0<strong>soberan\u00eda<\/strong>\u00a0de cualquier pa\u00eds.<\/p>\n\n\n\n<p>En su conferencia ma\u00f1anera de este viernes 26 de abril en Palacio Nacional, L\u00f3pez Obrador afirm\u00f3 que Estados Unidos mantiene una pol\u00edtica exterior injerencista e intervencionista, la cual \u201cno cambian\u201d.<\/p>\n\n\n\n<p>El Presidente calific\u00f3 de \u201canacr\u00f3nico\u201d el que el gobierno estadounidense se apropie del derecho de calificar la conducta de naciones independientes y soberanas, y afirm\u00f3 que \u201chablando en plata\u201d, el gobierno de\u00a0<strong>Estados Unidos\u00a0<\/strong>no ha ayudado a nadie en Am\u00e9rica Latina.<\/p>\n\n\n\n<blockquote class=\"wp-block-quote is-layout-flow wp-block-quote-is-layout-flow\">\n<p>\u201cNo es cierto que ese informe tenga el prop\u00f3sito de ver a qui\u00e9n ayudan y a qui\u00e9n no ayudan, sencillamente no ayudan a nadie hablando en plata. \u00bfY qu\u00e9 tienen que hacer? Con todo respeto, quitar esa calificaci\u00f3n, no les corresponde. \u00bfC\u00f3mo se van a meter a la vida interna de otro pa\u00eds? Es violatorio de la soberan\u00eda de cualquier pueblo, de cualquier pa\u00eds, somos independientes.<\/p>\n<\/blockquote>\n\n\n\n<blockquote class=\"wp-block-quote is-layout-flow wp-block-quote-is-layout-flow\">\n<p>\u201c\u00bfNo les parece anacr\u00f3nico el que tengan ellos o se apropien del derecho de calificar la conducta de pa\u00edses independientes, soberanos? \u00bfQui\u00e9nes son ellos para emitir recomendaciones sobre derechos humanos?&#8221;, expres\u00f3.<\/p>\n<\/blockquote>\n\n\n\n<p>Se\u00f1al\u00f3 adem\u00e1s que su gobierno no est\u00e1 dici\u00e9ndole al gobierno de Estados Unidos: &#8220;\u00a1Te portas bien, eh! Nada de meter a la polic\u00eda a las universidades, nada de que vas a estar financiando guerras,\u00a0<strong>violando derechos\u00a0<\/strong>humanos&#8221;.<\/p>\n\n\n\n<p>Fuente: <a href=\"https:\/\/www.eluniversal.com.mx\/nacion\/amlo-insiste-en-que-eu-elimine-su-informe-sobre-derechos-humanos-por-violatorio-a-soberanias\/\" data-type=\"link\" data-id=\"https:\/\/www.eluniversal.com.mx\/nacion\/amlo-insiste-en-que-eu-elimine-su-informe-sobre-derechos-humanos-por-violatorio-a-soberanias\/\">El Universal<\/a><\/p>\n","protected":false},"excerpt":{"rendered":"<p>El presidente\u00a0Andr\u00e9s Manuel L\u00f3pez Obrador\u00a0llam\u00f3 al gobierno de Estados Unidos a eliminar su Informe Anual sobre\u00a0Derechos Humanos\u00a0del Departamento de Estados Unidos, pues lo acus\u00f3 de ser violatorio a la\u00a0soberan\u00eda\u00a0de cualquier pa\u00eds. En su conferencia ma\u00f1anera de este viernes 26 de abril en Palacio Nacional, L\u00f3pez Obrador afirm\u00f3 que Estados Unidos mantiene una pol\u00edtica exterior injerencista [&hellip;]<\/p>\n","protected":false},"author":35,"featured_media":55532,"comment_status":"open","ping_status":"open","sticky":false,"template":"","format":"standard","meta":{"_monsterinsights_skip_tracking":false,"_monsterinsights_sitenote_active":false,"_monsterinsights_sitenote_note":"","_monsterinsights_sitenote_category":0,"footnotes":""},"categories":[158],"tags":[188,1122,29938,183,14624],"class_list":["post-147522","post","type-post","status-publish","format-standard","has-post-thumbnail","hentry","category-politica","tag-amlo","tag-derechos-humanos","tag-elimine","tag-estados-unidos","tag-insiste","wp-image-borders"],"amp_enabled":true,"_links":{"self":[{"href":"https:\/\/nvnoticias.mx\/index.php\/wp-json\/wp\/v2\/posts\/147522","targetHints":{"allow":["GET"]}}],"collection":[{"href":"https:\/\/nvnoticias.mx\/index.php\/wp-json\/wp\/v2\/posts"}],"about":[{"href":"https:\/\/nvnoticias.mx\/index.php\/wp-json\/wp\/v2\/types\/post"}],"author":[{"embeddable":true,"href":"https:\/\/nvnoticias.mx\/index.php\/wp-json\/wp\/v2\/users\/35"}],"replies":[{"embeddable":true,"href":"https:\/\/nvnoticias.mx\/index.php\/wp-json\/wp\/v2\/comments?post=147522"}],"version-history":[{"count":2,"href":"https:\/\/nvnoticias.mx\/index.php\/wp-json\/wp\/v2\/posts\/147522\/revisions"}],"predecessor-version":[{"id":147524,"href":"https:\/\/nvnoticias.mx\/index.php\/wp-json\/wp\/v2\/posts\/147522\/revisions\/147524"}],"wp:featuredmedia":[{"embeddable":true,"href":"https:\/\/nvnoticias.mx\/index.php\/wp-json\/wp\/v2\/media\/55532"}],"wp:attachment":[{"href":"https:\/\/nvnoticias.mx\/index.php\/wp-json\/wp\/v2\/media?parent=147522"}],"wp:term":[{"taxonomy":"category","embeddable":true,"href":"https:\/\/nvnoticias.mx\/index.php\/wp-json\/wp\/v2\/categories?post=147522"},{"taxonomy":"post_tag","embeddable":true,"href":"https:\/\/nvnoticias.mx\/index.php\/wp-json\/wp\/v2\/tags?post=147522"}],"curies":[{"name":"wp","href":"https:\/\/api.w.org\/{rel}","templated":true}]}}