{"id":147429,"date":"2024-04-25T14:23:18","date_gmt":"2024-04-25T20:23:18","guid":{"rendered":"https:\/\/nvnoticias.mx\/?p=147429"},"modified":"2024-04-25T14:23:21","modified_gmt":"2024-04-25T20:23:21","slug":"pide-pan-a-la-jucopo-acatar-amparo-judicial-y-crear-otra-comision-especial-para-investigar-colapso-en-l12","status":"publish","type":"post","link":"https:\/\/nvnoticias.mx\/index.php\/2024\/04\/25\/pide-pan-a-la-jucopo-acatar-amparo-judicial-y-crear-otra-comision-especial-para-investigar-colapso-en-l12\/","title":{"rendered":"Pide PAN a la Jucopo acatar amparo judicial y crear otra Comisi\u00f3n Especial para investigar colapso en L12"},"content":{"rendered":"\n<p>El Grupo Parlamentario del PAN en el Congreso de la Ciudad de M\u00e9xico exhort\u00f3 a la Junta de Coordinaci\u00f3n Pol\u00edtica (Jucopo) a cumplir con un amparo judicial y crear otra Comisi\u00f3n Especial que investigue el colapso en la L\u00ednea 12 del Metro.<\/p>\n\n\n\n<p>Lo anterior, para cumplir con la sentencia de amparo de fecha 10 de abril de este a\u00f1o emitida por la jueza Cuarto de Distrito de Amparo en Materia Administrativa, con sede en la Ciudad de M\u00e9xico, Elizabeth Trejo Gal\u00e1n, en favor de 7 v\u00edctimas de dicha tragedia.<\/p>\n\n\n\n<p>El diputado Federico D\u00f6ring, coordinador de los panistas, expres\u00f3 que Morena no tiene de otra m\u00e1s que aceptar este proceso judicial y acatarlo, \u201cojal\u00e1 no salgan con alguna vacilada legislativa y quieren negarse en atender este ordenamiento\u201d.<\/p>\n\n\n\n<p>El 3 de mayo de 2021, la trabe de la estructura de la l\u00ednea 12 del Metro colaps\u00f3 entre las estaciones Olivos y Tezonco, lo que llev\u00f3 a la ca\u00edda de vagones del convoy que transitaba.<\/p>\n\n\n\n<p>El 3 de mayo de 2021, la trabe de la estructura de la l\u00ednea 12 del Metro colaps\u00f3 entre las estaciones Olivos y Tezonco, lo que llev\u00f3 a la ca\u00edda de vagones del convoy que transitaba.<\/p>\n\n\n\n<p>D\u00f6ring agreg\u00f3 que la L\u00ednea 12 ha dejado v\u00edctimas mortales desde sus m\u00faltiples inauguraciones, pero la justicia no ha llegado porque la entonces \u201cfiscal-carnal\u201d, Ernestina Godoy, siempre protegi\u00f3 los intereses pol\u00edticos de Claudia Sheinbaum.<\/p>\n\n\n\n<blockquote class=\"wp-block-quote is-layout-flow wp-block-quote-is-layout-flow\">\n<p>\u201cNi un funcionario de Morena en la c\u00e1rcel por la incapacidad operativa y gubernamental del Florencia Serran\u00eda\u201d, lament\u00f3 D\u00f6ring.<\/p>\n<\/blockquote>\n\n\n\n<p><strong>La administraci\u00f3n de la 4T y las tragedias del Metro<\/strong><br>La diputada Daniela \u00c1lvarez dijo que desde que lleg\u00f3 la administraci\u00f3n de la 4T, los sucesos lamentables dentro del Metro por falta de mantenimiento o corrupci\u00f3n, han dejado en estado de indefensi\u00f3n a millones de usuarios ya que no se trata s\u00f3lo que deje de funcionar el Metro, sino que deriva de incendios, explosiones, derrumbes y colapsos.<\/p>\n\n\n\n<blockquote class=\"wp-block-quote is-layout-flow wp-block-quote-is-layout-flow\">\n<p>\u201cY no es poca cosa, ya que se registran 431 siniestros en las 12 L\u00edneas que tiene el Metro, lo cual habla de la gravedad del problema, entre los que se encuentran aquellos directos a las \u00e1reas de control que dejaron paralizadas l\u00edneas enteras derivado de la falta de mantenimiento\u201d, apunt\u00f3.<\/p>\n<\/blockquote>\n\n\n\n<p>Los incendios, explosiones, derrumbes y colapsos dentro del Metro se dan por falta de mantenimiento o corrupci\u00f3n.<\/p>\n\n\n\n<p>Los incendios, explosiones, derrumbes y colapsos dentro del Metro se dan por falta de mantenimiento o corrupci\u00f3n.<\/p>\n\n\n\n<p>Investigadora, m\u00e1s all\u00e1 de identificar y aportar elementos para darle justicia a las v\u00edctimas de la L\u00ednea 12, debe tambi\u00e9n investigar hechos como la L\u00ednea 3 y el Centro de Mando que se incendi\u00f3 en Delicias y donde tambi\u00e9n murieron trabajadores del Metro.<\/p>\n\n\n\n<blockquote class=\"wp-block-quote is-layout-flow wp-block-quote-is-layout-flow\">\n<p>\u201cNo se trata de casos aislados, ya que las cifras demuestran que la administraci\u00f3n actual ha sido la m\u00e1s mort\u00edfera, la m\u00e1s peligrosa y la m\u00e1s ineficiente para el transporte en la Ciudad de M\u00e9xico, particularmente para el Metro, ya que este periodo de cuatro a\u00f1os del gobierno actual ha sido el de mayor n\u00famero de accidentes en la historia\u201d, asever\u00f3.<\/p>\n<\/blockquote>\n\n\n\n<p>Fuente:<a href=\"https:\/\/www.eluniversal.com.mx\/metropoli\/pan-pide-a-la-jucopo-acatar-amparo-judicial-y-crear-otra-comision-especial-para-investigar-colapso-en-l12\/\" data-type=\"link\" data-id=\"https:\/\/www.eluniversal.com.mx\/metropoli\/pan-pide-a-la-jucopo-acatar-amparo-judicial-y-crear-otra-comision-especial-para-investigar-colapso-en-l12\/\"> El Universal<\/a><\/p>\n","protected":false},"excerpt":{"rendered":"<p>El Grupo Parlamentario del PAN en el Congreso de la Ciudad de M\u00e9xico exhort\u00f3 a la Junta de Coordinaci\u00f3n Pol\u00edtica (Jucopo) a cumplir con un amparo judicial y crear otra Comisi\u00f3n Especial que investigue el colapso en la L\u00ednea 12 del Metro. Lo anterior, para cumplir con la sentencia de amparo de fecha 10 de [&hellip;]<\/p>\n","protected":false},"author":35,"featured_media":17714,"comment_status":"open","ping_status":"open","sticky":false,"template":"","format":"standard","meta":{"_monsterinsights_skip_tracking":false,"_monsterinsights_sitenote_active":false,"_monsterinsights_sitenote_note":"","_monsterinsights_sitenote_category":0,"footnotes":""},"categories":[158],"tags":[8415,284,9741],"class_list":["post-147429","post","type-post","status-publish","format-standard","has-post-thumbnail","hentry","category-politica","tag-comision-especial","tag-pan","tag-pide","wp-image-borders"],"amp_enabled":true,"_links":{"self":[{"href":"https:\/\/nvnoticias.mx\/index.php\/wp-json\/wp\/v2\/posts\/147429","targetHints":{"allow":["GET"]}}],"collection":[{"href":"https:\/\/nvnoticias.mx\/index.php\/wp-json\/wp\/v2\/posts"}],"about":[{"href":"https:\/\/nvnoticias.mx\/index.php\/wp-json\/wp\/v2\/types\/post"}],"author":[{"embeddable":true,"href":"https:\/\/nvnoticias.mx\/index.php\/wp-json\/wp\/v2\/users\/35"}],"replies":[{"embeddable":true,"href":"https:\/\/nvnoticias.mx\/index.php\/wp-json\/wp\/v2\/comments?post=147429"}],"version-history":[{"count":2,"href":"https:\/\/nvnoticias.mx\/index.php\/wp-json\/wp\/v2\/posts\/147429\/revisions"}],"predecessor-version":[{"id":147431,"href":"https:\/\/nvnoticias.mx\/index.php\/wp-json\/wp\/v2\/posts\/147429\/revisions\/147431"}],"wp:featuredmedia":[{"embeddable":true,"href":"https:\/\/nvnoticias.mx\/index.php\/wp-json\/wp\/v2\/media\/17714"}],"wp:attachment":[{"href":"https:\/\/nvnoticias.mx\/index.php\/wp-json\/wp\/v2\/media?parent=147429"}],"wp:term":[{"taxonomy":"category","embeddable":true,"href":"https:\/\/nvnoticias.mx\/index.php\/wp-json\/wp\/v2\/categories?post=147429"},{"taxonomy":"post_tag","embeddable":true,"href":"https:\/\/nvnoticias.mx\/index.php\/wp-json\/wp\/v2\/tags?post=147429"}],"curies":[{"name":"wp","href":"https:\/\/api.w.org\/{rel}","templated":true}]}}