{"id":147425,"date":"2024-04-25T14:15:12","date_gmt":"2024-04-25T20:15:12","guid":{"rendered":"https:\/\/nvnoticias.mx\/?p=147425"},"modified":"2024-04-25T14:15:14","modified_gmt":"2024-04-25T20:15:14","slug":"nosotros-hacemos-politica-con-amor-no-con-odio-sheinbaum","status":"publish","type":"post","link":"https:\/\/nvnoticias.mx\/index.php\/2024\/04\/25\/nosotros-hacemos-politica-con-amor-no-con-odio-sheinbaum\/","title":{"rendered":"Nosotros hacemos pol\u00edtica con amor, no con odio: Sheinbaum"},"content":{"rendered":"\n<p>La candidata presidencial de la coalici\u00f3n Sigamos Haciendo Historia, Claudia Sheinbaum, asegur\u00f3 que, en comparaci\u00f3n de la candidata de la oposici\u00f3n X\u00f3chitl G\u00e1lvez, hace pol\u00edtica con amor no con odio y esa es la gran diferencia.<\/p>\n\n\n\n<blockquote class=\"wp-block-quote is-layout-flow wp-block-quote-is-layout-flow\">\n<p>&#8220;Primero, en la manera de hacer pol\u00edtica muestra qui\u00e9nes son el PRI y PAN, el PRIAN, y qui\u00e9nes los financian. Como haces pol\u00edtica es como te vas a comportar si quieres ser gobernante, si lanzas una guerra sucia, pues en realidad est\u00e1s haciendo pol\u00edtica con un odio tremendo, por eso desde el 1 de marzo, lo tengo fijo en mis redes sociales, nosotros hacemos pol\u00edtica con amor no con odio, es la gran diferencia, y por eso hay una gran aceptaci\u00f3n enorme al gobierno del presidente Andr\u00e9s Manuel L\u00f3pez Obrador y a nuestra candidatura&#8221;, dijo.<\/p>\n<\/blockquote>\n\n\n\n<p>Tras la presentaci\u00f3n del eje tem\u00e1tico para combatir la pobreza, Sheinbaum fue cuestionada sobre las declaraciones de X\u00f3chitl G\u00e1lvez que se\u00f1ala que la elecci\u00f3n del 2 de junio no est\u00e1 ganada, &#8220;este arroz no est\u00e1 cocido&#8221;.<\/p>\n\n\n\n<p>Fuente: <a href=\"https:\/\/www.eluniversal.com.mx\/elecciones\/nosotros-hacemos-politica-con-amor-no-con-odio-claudia-sheinbaum\/\" data-type=\"link\" data-id=\"https:\/\/www.eluniversal.com.mx\/elecciones\/nosotros-hacemos-politica-con-amor-no-con-odio-claudia-sheinbaum\/\">El Universal<\/a> <\/p>\n","protected":false},"excerpt":{"rendered":"<p>La candidata presidencial de la coalici\u00f3n Sigamos Haciendo Historia, Claudia Sheinbaum, asegur\u00f3 que, en comparaci\u00f3n de la candidata de la oposici\u00f3n X\u00f3chitl G\u00e1lvez, hace pol\u00edtica con amor no con odio y esa es la gran diferencia. &#8220;Primero, en la manera de hacer pol\u00edtica muestra qui\u00e9nes son el PRI y PAN, el PRIAN, y qui\u00e9nes los [&hellip;]<\/p>\n","protected":false},"author":35,"featured_media":127871,"comment_status":"open","ping_status":"open","sticky":false,"template":"","format":"standard","meta":{"_monsterinsights_skip_tracking":false,"_monsterinsights_sitenote_active":false,"_monsterinsights_sitenote_note":"","_monsterinsights_sitenote_category":0,"footnotes":""},"categories":[158],"tags":[2801],"class_list":["post-147425","post","type-post","status-publish","format-standard","has-post-thumbnail","hentry","category-politica","tag-claudia-sheinbaum","wp-image-borders"],"amp_enabled":true,"_links":{"self":[{"href":"https:\/\/nvnoticias.mx\/index.php\/wp-json\/wp\/v2\/posts\/147425","targetHints":{"allow":["GET"]}}],"collection":[{"href":"https:\/\/nvnoticias.mx\/index.php\/wp-json\/wp\/v2\/posts"}],"about":[{"href":"https:\/\/nvnoticias.mx\/index.php\/wp-json\/wp\/v2\/types\/post"}],"author":[{"embeddable":true,"href":"https:\/\/nvnoticias.mx\/index.php\/wp-json\/wp\/v2\/users\/35"}],"replies":[{"embeddable":true,"href":"https:\/\/nvnoticias.mx\/index.php\/wp-json\/wp\/v2\/comments?post=147425"}],"version-history":[{"count":3,"href":"https:\/\/nvnoticias.mx\/index.php\/wp-json\/wp\/v2\/posts\/147425\/revisions"}],"predecessor-version":[{"id":147428,"href":"https:\/\/nvnoticias.mx\/index.php\/wp-json\/wp\/v2\/posts\/147425\/revisions\/147428"}],"wp:featuredmedia":[{"embeddable":true,"href":"https:\/\/nvnoticias.mx\/index.php\/wp-json\/wp\/v2\/media\/127871"}],"wp:attachment":[{"href":"https:\/\/nvnoticias.mx\/index.php\/wp-json\/wp\/v2\/media?parent=147425"}],"wp:term":[{"taxonomy":"category","embeddable":true,"href":"https:\/\/nvnoticias.mx\/index.php\/wp-json\/wp\/v2\/categories?post=147425"},{"taxonomy":"post_tag","embeddable":true,"href":"https:\/\/nvnoticias.mx\/index.php\/wp-json\/wp\/v2\/tags?post=147425"}],"curies":[{"name":"wp","href":"https:\/\/api.w.org\/{rel}","templated":true}]}}