{"id":147407,"date":"2024-04-25T13:11:06","date_gmt":"2024-04-25T19:11:06","guid":{"rendered":"https:\/\/nvnoticias.mx\/?p=147407"},"modified":"2024-04-25T13:11:20","modified_gmt":"2024-04-25T19:11:20","slug":"ariel-henry-renuncia-al-cargo-de-primer-ministro-de-haiti","status":"publish","type":"post","link":"https:\/\/nvnoticias.mx\/index.php\/2024\/04\/25\/ariel-henry-renuncia-al-cargo-de-primer-ministro-de-haiti\/","title":{"rendered":"Ariel Henry renuncia al cargo de primer ministro de Hait\u00ed"},"content":{"rendered":"\n<p>Este jueves,\u00a0<strong>Ariel Henry present\u00f3 su renuncia al cargo de primer ministro\u00a0<\/strong>de\u00a0Hait\u00ed, acci\u00f3n que ha dejado el camino libre para que se forme un nuevo gobierno en el pa\u00eds caribe\u00f1o que enfrenta una fuerte ola de violencia.<\/p>\n\n\n\n<blockquote class=\"wp-block-quote is-layout-flow wp-block-quote-is-layout-flow\">\n<p>\u201cPor la presente, tomando nota del estado de las cosas,&nbsp;<strong>presento la dimisi\u00f3n de mi Gobierno<\/strong>. Felicito a los miembros del Gobierno, a los colaboradores, a la Administraci\u00f3n P\u00fablica, a las Fuerzas de Seguridad, y a todos aquellas y aquellos que me han acompa\u00f1ado durante esta andadura patri\u00f3tica\u201d, se\u00f1al\u00f3 a trav\u00e9s de una carta.<\/p>\n<\/blockquote>\n\n\n\n<p>La renuncia de\u00a0Ariel Henry\u00a0se da a conocer justo\u00a0<strong>el mismo d\u00eda en que se tiene prevista la ceremonia de instalaci\u00f3n del Consejo Presidencial de Transici\u00f3n de Hait\u00ed<\/strong>, en la Villa d\u2019Accueil, en las afueras de Puerto Pr\u00edncipe, as\u00ed lo revel\u00f3 el pasado mi\u00e9rcoles Leslie Voltaire, miembro del Consejo.<\/p>\n\n\n\n<p>Ariel Henry reconoci\u00f3 que\u00a0<strong>la naci\u00f3n de Hait\u00ed enfrenta \u201ctiempos dif\u00edciles\u201d<\/strong>, por lo que se solidariz\u00f3 con \u201clas p\u00e9rdidas y el sufrimiento\u201d de los compatriotas durante ese periodo.<\/p>\n\n\n\n<p>Fuente<a href=\"https:\/\/www.elfinanciero.com.mx\/mundo\/2024\/04\/25\/ariel-henry-renuncia-al-cargo-de-primer-ministro-de-haiti-se-enfrentan-tiempos-dificiles\/\" data-type=\"link\" data-id=\"https:\/\/www.elfinanciero.com.mx\/mundo\/2024\/04\/25\/ariel-henry-renuncia-al-cargo-de-primer-ministro-de-haiti-se-enfrentan-tiempos-dificiles\/\">:El Financiero<\/a> <\/p>\n","protected":false},"excerpt":{"rendered":"<p>Este jueves,\u00a0Ariel Henry present\u00f3 su renuncia al cargo de primer ministro\u00a0de\u00a0Hait\u00ed, acci\u00f3n que ha dejado el camino libre para que se forme un nuevo gobierno en el pa\u00eds caribe\u00f1o que enfrenta una fuerte ola de violencia. \u201cPor la presente, tomando nota del estado de las cosas,&nbsp;presento la dimisi\u00f3n de mi Gobierno. Felicito a los miembros [&hellip;]<\/p>\n","protected":false},"author":35,"featured_media":147411,"comment_status":"open","ping_status":"open","sticky":false,"template":"","format":"standard","meta":{"_monsterinsights_skip_tracking":false,"_monsterinsights_sitenote_active":false,"_monsterinsights_sitenote_note":"","_monsterinsights_sitenote_category":0,"footnotes":""},"categories":[181],"tags":[29930,4868],"class_list":["post-147407","post","type-post","status-publish","format-standard","has-post-thumbnail","hentry","category-internacional","tag-ariel-henry","tag-haiti","wp-image-borders"],"amp_enabled":true,"_links":{"self":[{"href":"https:\/\/nvnoticias.mx\/index.php\/wp-json\/wp\/v2\/posts\/147407","targetHints":{"allow":["GET"]}}],"collection":[{"href":"https:\/\/nvnoticias.mx\/index.php\/wp-json\/wp\/v2\/posts"}],"about":[{"href":"https:\/\/nvnoticias.mx\/index.php\/wp-json\/wp\/v2\/types\/post"}],"author":[{"embeddable":true,"href":"https:\/\/nvnoticias.mx\/index.php\/wp-json\/wp\/v2\/users\/35"}],"replies":[{"embeddable":true,"href":"https:\/\/nvnoticias.mx\/index.php\/wp-json\/wp\/v2\/comments?post=147407"}],"version-history":[{"count":4,"href":"https:\/\/nvnoticias.mx\/index.php\/wp-json\/wp\/v2\/posts\/147407\/revisions"}],"predecessor-version":[{"id":147412,"href":"https:\/\/nvnoticias.mx\/index.php\/wp-json\/wp\/v2\/posts\/147407\/revisions\/147412"}],"wp:featuredmedia":[{"embeddable":true,"href":"https:\/\/nvnoticias.mx\/index.php\/wp-json\/wp\/v2\/media\/147411"}],"wp:attachment":[{"href":"https:\/\/nvnoticias.mx\/index.php\/wp-json\/wp\/v2\/media?parent=147407"}],"wp:term":[{"taxonomy":"category","embeddable":true,"href":"https:\/\/nvnoticias.mx\/index.php\/wp-json\/wp\/v2\/categories?post=147407"},{"taxonomy":"post_tag","embeddable":true,"href":"https:\/\/nvnoticias.mx\/index.php\/wp-json\/wp\/v2\/tags?post=147407"}],"curies":[{"name":"wp","href":"https:\/\/api.w.org\/{rel}","templated":true}]}}