{"id":147403,"date":"2024-04-25T12:29:21","date_gmt":"2024-04-25T18:29:21","guid":{"rendered":"https:\/\/nvnoticias.mx\/?p=147403"},"modified":"2024-04-25T12:29:23","modified_gmt":"2024-04-25T18:29:23","slug":"entrega-coparmex-los-acuerdo-por-veracruz-a-candidatos-a-gobernador","status":"publish","type":"post","link":"https:\/\/nvnoticias.mx\/index.php\/2024\/04\/25\/entrega-coparmex-los-acuerdo-por-veracruz-a-candidatos-a-gobernador\/","title":{"rendered":"Entrega Coparmex los Acuerdo por Veracruz, a candidatos a gobernador"},"content":{"rendered":"\n<p><\/p>\n\n\n\n<p><strong>Jes\u00fas Utrilla \/ NV Noticias <\/strong><\/p>\n\n\n\n<p>Empresarios veracruzanos y organismos de la sociedad civil llevaron a cabo los &#8220;Di\u00e1logos Ciudadanos&#8221;, con los candidatos a la gubernatura de Veracruz.<\/p>\n\n\n\n<p>Manuel Lia\u00f1o Carrera, presidente de la Confederaci\u00f3n Patronal de la Rep\u00fablica Mexicana en Veracruz (Coparmex), se\u00f1al\u00f3 que la iniciativa tuvo como objetivo que los candidatos tomen en cuenta una agenda ciudadana, por lo que entregaron a los participantes el Acuerdo por Veracruz.<\/p>\n\n\n\n<blockquote class=\"wp-block-quote is-layout-flow wp-block-quote-is-layout-flow\">\n<p><em>\u201cNo es un documento conclusivo, es un punto de partida para que las organizaciones, los 50 organismos que lo suscribimos lo presentemos a los candidatos a gobernador\u201d.<\/em><\/p>\n<\/blockquote>\n\n\n\n<p>Se\u00f1al\u00f3 que se pretende crear una ruta de soluci\u00f3n a los principales problemas que se padecen en la entidad, desde seguridad, pobreza, salud, educaci\u00f3n, corrupci\u00f3n y desarrollo econ\u00f3mico.<\/p>\n\n\n\n<p>El Acuerdo por Veracruz, se elabor\u00f3 con especialistas, acad\u00e9micos, sociedad civil y empresarios, bajo un modelo de desarrollo inclusivo que busca dar a trav\u00e9s del gobierno con la coordinaci\u00f3n de la iniciativa privada.<\/p>\n\n\n\n<blockquote class=\"wp-block-quote is-layout-flow wp-block-quote-is-layout-flow\">\n<p><em>\u201cEstamos presentando propuestas de soluci\u00f3n ante los grandes problemas que estamos presentando. Si no reconocemos que existen estos problemas, si no hablamos de ellos y sino nos sentamos a dialogar entre autoridades y ciudadanos para resolverlos entre todos dif\u00edcilmente vamos a avanzar\u201d.<\/em><\/p>\n<\/blockquote>\n\n\n\n<p>A los &#8220;Di\u00e1logos Ciudadanos&#8221; asistieron Jos\u00e9 Yunes Zorrilla, candidato al gobierno de Veracruz por la alianza Fuerza y Coraz\u00f3n por Veracruz e Hip\u00f3lito Deschamps Espino Barros, candidato de Movimiento Ciudadano.<\/p>\n","protected":false},"excerpt":{"rendered":"<p>Jes\u00fas Utrilla \/ NV Noticias Empresarios veracruzanos y organismos de la sociedad civil llevaron a cabo los &#8220;Di\u00e1logos Ciudadanos&#8221;, con los candidatos a la gubernatura de Veracruz. Manuel Lia\u00f1o Carrera, presidente de la Confederaci\u00f3n Patronal de la Rep\u00fablica Mexicana en Veracruz (Coparmex), se\u00f1al\u00f3 que la iniciativa tuvo como objetivo que los candidatos tomen en cuenta [&hellip;]<\/p>\n","protected":false},"author":8,"featured_media":147404,"comment_status":"open","ping_status":"open","sticky":false,"template":"","format":"standard","meta":{"_monsterinsights_skip_tracking":false,"_monsterinsights_sitenote_active":false,"_monsterinsights_sitenote_note":"","_monsterinsights_sitenote_category":0,"footnotes":""},"categories":[154],"tags":[1525,26749,16597],"class_list":["post-147403","post","type-post","status-publish","format-standard","has-post-thumbnail","hentry","category-veracruz","tag-candidatos","tag-coparmex-veracruz","tag-gobernacion","wp-image-borders"],"amp_enabled":true,"_links":{"self":[{"href":"https:\/\/nvnoticias.mx\/index.php\/wp-json\/wp\/v2\/posts\/147403","targetHints":{"allow":["GET"]}}],"collection":[{"href":"https:\/\/nvnoticias.mx\/index.php\/wp-json\/wp\/v2\/posts"}],"about":[{"href":"https:\/\/nvnoticias.mx\/index.php\/wp-json\/wp\/v2\/types\/post"}],"author":[{"embeddable":true,"href":"https:\/\/nvnoticias.mx\/index.php\/wp-json\/wp\/v2\/users\/8"}],"replies":[{"embeddable":true,"href":"https:\/\/nvnoticias.mx\/index.php\/wp-json\/wp\/v2\/comments?post=147403"}],"version-history":[{"count":1,"href":"https:\/\/nvnoticias.mx\/index.php\/wp-json\/wp\/v2\/posts\/147403\/revisions"}],"predecessor-version":[{"id":147405,"href":"https:\/\/nvnoticias.mx\/index.php\/wp-json\/wp\/v2\/posts\/147403\/revisions\/147405"}],"wp:featuredmedia":[{"embeddable":true,"href":"https:\/\/nvnoticias.mx\/index.php\/wp-json\/wp\/v2\/media\/147404"}],"wp:attachment":[{"href":"https:\/\/nvnoticias.mx\/index.php\/wp-json\/wp\/v2\/media?parent=147403"}],"wp:term":[{"taxonomy":"category","embeddable":true,"href":"https:\/\/nvnoticias.mx\/index.php\/wp-json\/wp\/v2\/categories?post=147403"},{"taxonomy":"post_tag","embeddable":true,"href":"https:\/\/nvnoticias.mx\/index.php\/wp-json\/wp\/v2\/tags?post=147403"}],"curies":[{"name":"wp","href":"https:\/\/api.w.org\/{rel}","templated":true}]}}