{"id":147379,"date":"2024-04-25T10:21:25","date_gmt":"2024-04-25T16:21:25","guid":{"rendered":"https:\/\/nvnoticias.mx\/?p=147379"},"modified":"2024-04-25T10:21:27","modified_gmt":"2024-04-25T16:21:27","slug":"celebra-amlo-que-tribunal-electoral-no-haya-cancelado-sus-mananeras","status":"publish","type":"post","link":"https:\/\/nvnoticias.mx\/index.php\/2024\/04\/25\/celebra-amlo-que-tribunal-electoral-no-haya-cancelado-sus-mananeras\/","title":{"rendered":"Celebra AMLO que Tribunal Electoral no haya cancelado sus ma\u00f1aneras"},"content":{"rendered":"\n<p>Al advertir que hubiera sido un \u201cacto autoritario\u201d, el presidente Andr\u00e9s Manuel L\u00f3pez Obrador celebr\u00f3 que el Tribunal Electoral (TEPJF) no haya suspendido la difusi\u00f3n de sus conferencias matutinas en lo que resta del proceso electoral, tras una denuncia presentada por el PAN, PRI y PRD.<\/p>\n\n\n\n<p>El Mandatario federal manifest\u00f3 que con esta decisi\u00f3n del \u00f3rgano electoral prevalece la libertad y llam\u00f3 a no tenerle miedo al debate ni a la pol\u00e9mica.<\/p>\n\n\n\n<blockquote class=\"wp-block-quote is-layout-flow wp-block-quote-is-layout-flow\">\n<p>\u201cSer\u00eda pues un acto autoritario ya cancelar esta conferencia. Qu\u00e9 bueno que no lo hicieron porque pues si no nos dejar\u00edan sin medios porque tendr\u00edan que cancelar el programa de Ciro (G\u00f3mez Leyva), el de (Joaqu\u00edn) L\u00f3pez-D\u00f3riga, el de (Carlos) Loret, (Tv) Azteca completito, las reuniones de an\u00e1lisis de Televisa, todos los noticieros de F\u00f3rmula, nos quedar\u00edamos sin los escritores del Reforma, ya no podr\u00edamos ver la caricatura de Calder\u00f3n en el Reforma, digo los que la ven y les gusta, porque todo es en contra de nosotros, todo.<\/p>\n<\/blockquote>\n\n\n\n<blockquote class=\"wp-block-quote is-layout-flow wp-block-quote-is-layout-flow\">\n<p>\u201cQu\u00e9 bueno que prevalezca la libertad, no hay que tenerle miedo, al debate, a la pol\u00e9mica, es bueno\u201d, dijo en Palacio Nacional.<\/p>\n<\/blockquote>\n\n\n\n<p>Ayer, por unanimidad, la Sala Superior del Tribunal Electoral confirm\u00f3 el acuerdo del INE de no suspender la difusi\u00f3n de las \u201cma\u00f1aneras\u201d del presidente Andr\u00e9s Manuel L\u00f3pez Obrador en lo que resta del proceso electoral, tras una denuncia presentada por el PAN, PRI y PRD.<\/p>\n\n\n\n<blockquote class=\"wp-block-quote is-layout-flow wp-block-quote-is-layout-flow\">\n<p>\u201cSe propone confirmar el acuerdo impugnado pues no se controvierten eficazmente las razones que la responsable consider\u00f3 para rechazar la propuesta, esto es que las ma\u00f1aneras son una forma de comunicaci\u00f3n gubernamental que no est\u00e1 prohibida en s\u00ed misma, cuyo contenido debe analizarse caso por caso\u201d.<\/p>\n<\/blockquote>\n\n\n\n<p>Fuente: <a href=\"https:\/\/www.eluniversal.com.mx\/nacion\/amlo-celebra-que-tribunal-electoral-no-haya-cancelado-sus-mananeras-seria-un-acto-autoritario-dice\/\" data-type=\"link\" data-id=\"https:\/\/www.eluniversal.com.mx\/nacion\/amlo-celebra-que-tribunal-electoral-no-haya-cancelado-sus-mananeras-seria-un-acto-autoritario-dice\/\">El Universal<\/a><br><\/p>\n","protected":false},"excerpt":{"rendered":"<p>Al advertir que hubiera sido un \u201cacto autoritario\u201d, el presidente Andr\u00e9s Manuel L\u00f3pez Obrador celebr\u00f3 que el Tribunal Electoral (TEPJF) no haya suspendido la difusi\u00f3n de sus conferencias matutinas en lo que resta del proceso electoral, tras una denuncia presentada por el PAN, PRI y PRD. El Mandatario federal manifest\u00f3 que con esta decisi\u00f3n del [&hellip;]<\/p>\n","protected":false},"author":35,"featured_media":18640,"comment_status":"open","ping_status":"open","sticky":false,"template":"","format":"standard","meta":{"_monsterinsights_skip_tracking":false,"_monsterinsights_sitenote_active":false,"_monsterinsights_sitenote_note":"","_monsterinsights_sitenote_category":0,"footnotes":""},"categories":[157],"tags":[188,27443,283],"class_list":["post-147379","post","type-post","status-publish","format-standard","has-post-thumbnail","hentry","category-nacional","tag-amlo","tag-las-mananeras","tag-tribunal-electoral","wp-image-borders"],"amp_enabled":true,"_links":{"self":[{"href":"https:\/\/nvnoticias.mx\/index.php\/wp-json\/wp\/v2\/posts\/147379","targetHints":{"allow":["GET"]}}],"collection":[{"href":"https:\/\/nvnoticias.mx\/index.php\/wp-json\/wp\/v2\/posts"}],"about":[{"href":"https:\/\/nvnoticias.mx\/index.php\/wp-json\/wp\/v2\/types\/post"}],"author":[{"embeddable":true,"href":"https:\/\/nvnoticias.mx\/index.php\/wp-json\/wp\/v2\/users\/35"}],"replies":[{"embeddable":true,"href":"https:\/\/nvnoticias.mx\/index.php\/wp-json\/wp\/v2\/comments?post=147379"}],"version-history":[{"count":2,"href":"https:\/\/nvnoticias.mx\/index.php\/wp-json\/wp\/v2\/posts\/147379\/revisions"}],"predecessor-version":[{"id":147382,"href":"https:\/\/nvnoticias.mx\/index.php\/wp-json\/wp\/v2\/posts\/147379\/revisions\/147382"}],"wp:featuredmedia":[{"embeddable":true,"href":"https:\/\/nvnoticias.mx\/index.php\/wp-json\/wp\/v2\/media\/18640"}],"wp:attachment":[{"href":"https:\/\/nvnoticias.mx\/index.php\/wp-json\/wp\/v2\/media?parent=147379"}],"wp:term":[{"taxonomy":"category","embeddable":true,"href":"https:\/\/nvnoticias.mx\/index.php\/wp-json\/wp\/v2\/categories?post=147379"},{"taxonomy":"post_tag","embeddable":true,"href":"https:\/\/nvnoticias.mx\/index.php\/wp-json\/wp\/v2\/tags?post=147379"}],"curies":[{"name":"wp","href":"https:\/\/api.w.org\/{rel}","templated":true}]}}