{"id":147313,"date":"2024-04-24T13:58:25","date_gmt":"2024-04-24T19:58:25","guid":{"rendered":"https:\/\/nvnoticias.mx\/?p=147313"},"modified":"2024-04-24T13:58:27","modified_gmt":"2024-04-24T19:58:27","slug":"kim-kardashian-piensa-que-taylor-swift-deberia-pasar-pagina","status":"publish","type":"post","link":"https:\/\/nvnoticias.mx\/index.php\/2024\/04\/24\/kim-kardashian-piensa-que-taylor-swift-deberia-pasar-pagina\/","title":{"rendered":"Kim Kardashian piensa que Taylor Swift deber\u00eda \u201cpasar p\u00e1gina\u201d"},"content":{"rendered":"\n<p>Taylor Swift volvi\u00f3 a encender las llamas de una antigua disputa que la cantante mantuvo con Kim Kardashian. Un particular tema de su nuevo \u00e1lbum ha suscitado especulaciones acerca de si podr\u00eda estar haciendo referencia a Kardashian, lo que ha provocado respuestas de ambas partes.<\/p>\n\n\n\n<p>Seg\u00fan fuentes cercanas a la empresaria y estrella de televisi\u00f3n que hablaron con la revista People, ella manifest\u00f3 su deseo de que Swift deje atr\u00e1s ese conflicto, argumentando que \u201cest\u00e1 superado y piensa que Taylor deber\u00eda pasar p\u00e1gina\u201d.<\/p>\n\n\n\n<p>La canci\u00f3n en cuesti\u00f3n, \u201cthanK you aIMee\u201d, destaca por sus letras que hablan sobre el acoso y c\u00f3mo la artista logr\u00f3 fortalecerse a partir de esas experiencias negativas. La combinaci\u00f3n de las letras en may\u00fasculas en el t\u00edtulo que forman el nombre \u201cKim\u201d ha llevado a los fan\u00e1ticos a interpretarla como una indirecta hacia la socialit\u00e9 y ex esposa de Kanye West.<\/p>\n\n\n\n<p>A su vez, sus letras hacen presuntamente referencia a la faceta de Kim como madre: \u201cY as\u00ed cambi\u00e9 tu nombre y cualquier pista que te definiera de verdad. Y un d\u00eda, tu hija llega a casa cantando una canci\u00f3n que solo nosotras dos sabemos que es sobre ti porque todo ese tiempo estabas lanzando golpes\u201d.<\/p>\n\n\n\n<p>Esta respuesta llega despu\u00e9s de que, en una particular entrevista, Taylor mencionara la necesidad de \u201cuna disculpa de aquellas personas que nos intimidan\u201d, haciendo referencia al pasado conflicto con el clan Kardashian y la pol\u00e9mica que surgi\u00f3 de una llamada telef\u00f3nica filtrada de manera ilegal relacionada con una canci\u00f3n de West.<\/p>\n\n\n\n<p>Fuente: <a href=\"https:\/\/www.google.com\/amp\/s\/www.infobae.com\/entretenimiento\/2024\/04\/24\/kim-kardashian-piensa-que-taylor-swift-deberia-pasar-pagina-y-superar-las-antiguas-disputas\/%3foutputType=amp-type\" data-type=\"link\" data-id=\"https:\/\/www.google.com\/amp\/s\/www.infobae.com\/entretenimiento\/2024\/04\/24\/kim-kardashian-piensa-que-taylor-swift-deberia-pasar-pagina-y-superar-las-antiguas-disputas\/%3foutputType=amp-type\">Infobae<\/a><\/p>\n","protected":false},"excerpt":{"rendered":"<p>Taylor Swift volvi\u00f3 a encender las llamas de una antigua disputa que la cantante mantuvo con Kim Kardashian. Un particular tema de su nuevo \u00e1lbum ha suscitado especulaciones acerca de si podr\u00eda estar haciendo referencia a Kardashian, lo que ha provocado respuestas de ambas partes. Seg\u00fan fuentes cercanas a la empresaria y estrella de televisi\u00f3n [&hellip;]<\/p>\n","protected":false},"author":35,"featured_media":147315,"comment_status":"open","ping_status":"open","sticky":false,"template":"","format":"standard","meta":{"_monsterinsights_skip_tracking":false,"_monsterinsights_sitenote_active":false,"_monsterinsights_sitenote_note":"","_monsterinsights_sitenote_category":0,"footnotes":""},"categories":[576],"tags":[7253,4135],"class_list":["post-147313","post","type-post","status-publish","format-standard","has-post-thumbnail","hentry","category-ocio","tag-kim-kardashian","tag-taylor-swift","wp-image-borders"],"amp_enabled":true,"_links":{"self":[{"href":"https:\/\/nvnoticias.mx\/index.php\/wp-json\/wp\/v2\/posts\/147313","targetHints":{"allow":["GET"]}}],"collection":[{"href":"https:\/\/nvnoticias.mx\/index.php\/wp-json\/wp\/v2\/posts"}],"about":[{"href":"https:\/\/nvnoticias.mx\/index.php\/wp-json\/wp\/v2\/types\/post"}],"author":[{"embeddable":true,"href":"https:\/\/nvnoticias.mx\/index.php\/wp-json\/wp\/v2\/users\/35"}],"replies":[{"embeddable":true,"href":"https:\/\/nvnoticias.mx\/index.php\/wp-json\/wp\/v2\/comments?post=147313"}],"version-history":[{"count":2,"href":"https:\/\/nvnoticias.mx\/index.php\/wp-json\/wp\/v2\/posts\/147313\/revisions"}],"predecessor-version":[{"id":147316,"href":"https:\/\/nvnoticias.mx\/index.php\/wp-json\/wp\/v2\/posts\/147313\/revisions\/147316"}],"wp:featuredmedia":[{"embeddable":true,"href":"https:\/\/nvnoticias.mx\/index.php\/wp-json\/wp\/v2\/media\/147315"}],"wp:attachment":[{"href":"https:\/\/nvnoticias.mx\/index.php\/wp-json\/wp\/v2\/media?parent=147313"}],"wp:term":[{"taxonomy":"category","embeddable":true,"href":"https:\/\/nvnoticias.mx\/index.php\/wp-json\/wp\/v2\/categories?post=147313"},{"taxonomy":"post_tag","embeddable":true,"href":"https:\/\/nvnoticias.mx\/index.php\/wp-json\/wp\/v2\/tags?post=147313"}],"curies":[{"name":"wp","href":"https:\/\/api.w.org\/{rel}","templated":true}]}}