{"id":147247,"date":"2024-04-24T10:09:22","date_gmt":"2024-04-24T16:09:22","guid":{"rendered":"https:\/\/nvnoticias.mx\/?p=147247"},"modified":"2024-04-24T10:09:24","modified_gmt":"2024-04-24T16:09:24","slug":"da-universidad-de-columbia-48-horas-a-estudiantes-propalestina-para-limitar-protestas","status":"publish","type":"post","link":"https:\/\/nvnoticias.mx\/index.php\/2024\/04\/24\/da-universidad-de-columbia-48-horas-a-estudiantes-propalestina-para-limitar-protestas\/","title":{"rendered":"Da Universidad de Columbia 48 horas a estudiantes proPalestina para limitar protestas"},"content":{"rendered":"\n<p>La Universidad de Columbia, epicentro de las protestas propalestinas en los campus universitarios estadounidenses, lleg\u00f3 anoche a un acuerdo de \u00faltima hora con los activistas para limitar el alcance de sus protestas.<\/p>\n\n\n\n<p>Este acuerdo, que evit\u00f3 un desmantelamiento policial en la medianoche de ayer, da a los acampados 48 horas para limitar su protesta seg\u00fan ciertos t\u00e9rminos: reducir el n\u00famero de carpas, expulsar a los activistas ajenos a la universidad, prohibir &#8220;el lenguaje discriminatorio&#8221; y cumplir las consignas policiales sobre la seguridad.<\/p>\n\n\n\n<p>De este modo se protege el derecho a la libre expresi\u00f3n y se responde al mismo tiempo a las quejas sobre la falta de seguridad que supon\u00edan la presencia y actividad de decenas de carpas en mitad del campus principal, o sobre los comportamientos supuestamente antisemitas de algunos de los acampados para con otros estudiantes de confesi\u00f3n jud\u00eda.<\/p>\n\n\n\n<p>La Polic\u00eda de Nueva York ha dado otros pasos para limitar el alcance exterior de las protestas, y ha llenado de vallas la entrada de la universidad -en plena Avenida Broadway, una de las m\u00e1s transitadas de la ciudad- para impedir as\u00ed las manifestaciones pro palestinas de solidaridad que en los \u00faltimos d\u00eda se desarrollaban casi a diario.<\/p>\n\n\n\n<p>No est\u00e1 claro si la desactivaci\u00f3n de la protesta en Columbia tendr\u00e1 efectos inmediatos sobre las dem\u00e1s universidades tambi\u00e9n escenario de movimientos pro palestinos, como las de Yale, Michigan o Berkeley, en distintos puntos del pa\u00eds.<\/p>\n\n\n\n<p>Fuente: <a href=\"https:\/\/www.eluniversal.com.mx\/mundo\/universidad-de-columbia-da-48-horas-a-estudiantes-propalestina-para-limitar-protestas\/\" data-type=\"link\" data-id=\"https:\/\/www.eluniversal.com.mx\/mundo\/universidad-de-columbia-da-48-horas-a-estudiantes-propalestina-para-limitar-protestas\/\">El Universal<\/a> <\/p>\n","protected":false},"excerpt":{"rendered":"<p>La Universidad de Columbia, epicentro de las protestas propalestinas en los campus universitarios estadounidenses, lleg\u00f3 anoche a un acuerdo de \u00faltima hora con los activistas para limitar el alcance de sus protestas. Este acuerdo, que evit\u00f3 un desmantelamiento policial en la medianoche de ayer, da a los acampados 48 horas para limitar su protesta seg\u00fan [&hellip;]<\/p>\n","protected":false},"author":35,"featured_media":147251,"comment_status":"open","ping_status":"open","sticky":false,"template":"","format":"standard","meta":{"_monsterinsights_skip_tracking":false,"_monsterinsights_sitenote_active":false,"_monsterinsights_sitenote_note":"","_monsterinsights_sitenote_category":0,"footnotes":""},"categories":[181],"tags":[277,29922,29921],"class_list":["post-147247","post","type-post","status-publish","format-standard","has-post-thumbnail","hentry","category-internacional","tag-estudiantes","tag-propalestina","tag-universidad-de-columbia","wp-image-borders"],"amp_enabled":true,"_links":{"self":[{"href":"https:\/\/nvnoticias.mx\/index.php\/wp-json\/wp\/v2\/posts\/147247","targetHints":{"allow":["GET"]}}],"collection":[{"href":"https:\/\/nvnoticias.mx\/index.php\/wp-json\/wp\/v2\/posts"}],"about":[{"href":"https:\/\/nvnoticias.mx\/index.php\/wp-json\/wp\/v2\/types\/post"}],"author":[{"embeddable":true,"href":"https:\/\/nvnoticias.mx\/index.php\/wp-json\/wp\/v2\/users\/35"}],"replies":[{"embeddable":true,"href":"https:\/\/nvnoticias.mx\/index.php\/wp-json\/wp\/v2\/comments?post=147247"}],"version-history":[{"count":3,"href":"https:\/\/nvnoticias.mx\/index.php\/wp-json\/wp\/v2\/posts\/147247\/revisions"}],"predecessor-version":[{"id":147253,"href":"https:\/\/nvnoticias.mx\/index.php\/wp-json\/wp\/v2\/posts\/147247\/revisions\/147253"}],"wp:featuredmedia":[{"embeddable":true,"href":"https:\/\/nvnoticias.mx\/index.php\/wp-json\/wp\/v2\/media\/147251"}],"wp:attachment":[{"href":"https:\/\/nvnoticias.mx\/index.php\/wp-json\/wp\/v2\/media?parent=147247"}],"wp:term":[{"taxonomy":"category","embeddable":true,"href":"https:\/\/nvnoticias.mx\/index.php\/wp-json\/wp\/v2\/categories?post=147247"},{"taxonomy":"post_tag","embeddable":true,"href":"https:\/\/nvnoticias.mx\/index.php\/wp-json\/wp\/v2\/tags?post=147247"}],"curies":[{"name":"wp","href":"https:\/\/api.w.org\/{rel}","templated":true}]}}