{"id":147246,"date":"2024-04-24T10:08:56","date_gmt":"2024-04-24T16:08:56","guid":{"rendered":"https:\/\/nvnoticias.mx\/?p=147246"},"modified":"2024-04-24T10:08:58","modified_gmt":"2024-04-24T16:08:58","slug":"se-reune-la-aaaver-con-el-almirante-carlos-ignacio-velazquez-director-de-asipona","status":"publish","type":"post","link":"https:\/\/nvnoticias.mx\/index.php\/2024\/04\/24\/se-reune-la-aaaver-con-el-almirante-carlos-ignacio-velazquez-director-de-asipona\/","title":{"rendered":"Se re\u00fane la AAAVER con el Almirante Carlos Ignacio Vel\u00e1zquez, director de Asipona"},"content":{"rendered":"\n<p><\/p>\n\n\n\n<p><strong>Jes\u00fas Utrilla \/ NV Noticias<\/strong><\/p>\n\n\n\n<p>La Asociaci\u00f3n de Agentes Aduanales del Puerto de Veracruz (AAAVER), sostuvo la primera reuni\u00f3n con el nuevo titular de la Administraci\u00f3n del Sistema Portuario Nacional (Asipona) Veracruz, el Almirante Carlos Ignacio Vel\u00e1zquez Tiscare\u00f1o.<\/p>\n\n\n\n<p>Marco A. Sansores Ram\u00edrez, presidente de la AAAVER, se\u00f1al\u00f3 que en la reuni\u00f3n el Almirante recalc\u00f3 cu\u00e1les ser\u00e1n los ejes sobre los cuales trabajar\u00e1 en la nueva misi\u00f3n que le encomend\u00f3 el presidente de la Rep\u00fablica, Andr\u00e9s Manuel L\u00f3pez Obrador, teniendo como principal objetivo la seguridad nacional, sin descuidar la operatividad del puerto.<\/p>\n\n\n\n<blockquote class=\"wp-block-quote is-layout-flow wp-block-quote-is-layout-flow\">\n<p><em>\u201cFue una visita de acercamiento. Nos interesaba sentarnos con el Almirante para que supiera que somos los \u00e1ngeles aduanales y que representamos en el Puerto de Veracruz. Fue una muy buena visita. \u00c9l tambi\u00e9n nos plante\u00f3 sus compromisos con la actividad portuaria y veremos la forma de colaborar juntos\u201d.<\/em><\/p>\n<\/blockquote>\n\n\n\n<p>Por otro lado el Almirante Carlos Ignacio Vel\u00e1zquez Tiscare\u00f1o reiter\u00f3 el compromiso de entregar las nuevas instalaciones de la aduana en Bah\u00eda Norte, antes de la conclusi\u00f3n del sexenio. <\/p>\n\n\n\n<p>Entendiendo la necesidad de contar con la nueva aduana como un eje estrat\u00e9gico para el crecimiento del puerto, regi\u00f3n y el pa\u00eds. <\/p>\n\n\n\n<p>En esta reuni\u00f3n se reafirm\u00f3 el compromiso de la Asociaci\u00f3n de Agentes Aduanales del Puerto de Veracruz de trabajar de manera coordinada con la ASIPONA y los dem\u00e1s actores del puerto para que Veracruz contin\u00fae siendo el primer puerto de M\u00e9xico. <\/p>\n\n\n\n<p>Por \u00faltimo, se le extendi\u00f3 la invitaci\u00f3n para tener una pr\u00f3xima reuni\u00f3n en las instalaciones de la Asociaci\u00f3n de Agentes Aduanales del Puerto de Veracruz , la cual acept\u00f3 gustoso.<\/p>\n\n\n\n<blockquote class=\"wp-block-quote is-layout-flow wp-block-quote-is-layout-flow\">\n<p><em>\u201cEl trabajar en conjunto con la distintos actores del puerto es lo que har\u00e1 que Veracruz siga progresando y \u00e9l tiene claro que es una estrategia que debe seguir y est\u00e1 muy abierto al di\u00e1logo y trabajo conjunto. Se le hizo una invitaci\u00f3n a conocer las instalaciones de la asociaci\u00f3n y presentarse con el resto de los miembros de la asociaci\u00f3n y es una gran respuesta a nuestra invitaci\u00f3n y esperamos contar con su presencia pr\u00f3ximamente\u201d.<\/em><\/p>\n<\/blockquote>\n\n\n\n<p>A la reuni\u00f3n con los integrantes de ASIPONA asistieron por parte de la AAAVER, su presidente Marco A. Sansores Ram\u00edrez, as\u00ed como Alfredo Deschamps Beverido, Cesar Belchez Descalzo y Carlos Reyes D\u00edaz. <\/p>\n\n\n\n<p>Tambi\u00e9n los directores, Zalma Rivera Chain y Jorge D\u00edaz Arce. Estuvieron presentes el Vicealmirante retirado, Francisco Jos\u00e9 Mart\u00ednez Berriel, Gerente de Administraci\u00f3n y Finanzas y el Vicealmirante retirado, Augusto Cruz Morales, Gerente de Operaciones.<\/p>\n","protected":false},"excerpt":{"rendered":"<p>Jes\u00fas Utrilla \/ NV Noticias La Asociaci\u00f3n de Agentes Aduanales del Puerto de Veracruz (AAAVER), sostuvo la primera reuni\u00f3n con el nuevo titular de la Administraci\u00f3n del Sistema Portuario Nacional (Asipona) Veracruz, el Almirante Carlos Ignacio Vel\u00e1zquez Tiscare\u00f1o. Marco A. Sansores Ram\u00edrez, presidente de la AAAVER, se\u00f1al\u00f3 que en la reuni\u00f3n el Almirante recalc\u00f3 cu\u00e1les [&hellip;]<\/p>\n","protected":false},"author":8,"featured_media":147250,"comment_status":"open","ping_status":"open","sticky":false,"template":"","format":"standard","meta":{"_monsterinsights_skip_tracking":false,"_monsterinsights_sitenote_active":false,"_monsterinsights_sitenote_note":"","_monsterinsights_sitenote_category":0,"footnotes":""},"categories":[154],"tags":[22670,6943],"class_list":["post-147246","post","type-post","status-publish","format-standard","has-post-thumbnail","hentry","category-veracruz","tag-aaaver","tag-asipona","wp-image-borders"],"amp_enabled":true,"_links":{"self":[{"href":"https:\/\/nvnoticias.mx\/index.php\/wp-json\/wp\/v2\/posts\/147246","targetHints":{"allow":["GET"]}}],"collection":[{"href":"https:\/\/nvnoticias.mx\/index.php\/wp-json\/wp\/v2\/posts"}],"about":[{"href":"https:\/\/nvnoticias.mx\/index.php\/wp-json\/wp\/v2\/types\/post"}],"author":[{"embeddable":true,"href":"https:\/\/nvnoticias.mx\/index.php\/wp-json\/wp\/v2\/users\/8"}],"replies":[{"embeddable":true,"href":"https:\/\/nvnoticias.mx\/index.php\/wp-json\/wp\/v2\/comments?post=147246"}],"version-history":[{"count":1,"href":"https:\/\/nvnoticias.mx\/index.php\/wp-json\/wp\/v2\/posts\/147246\/revisions"}],"predecessor-version":[{"id":147252,"href":"https:\/\/nvnoticias.mx\/index.php\/wp-json\/wp\/v2\/posts\/147246\/revisions\/147252"}],"wp:featuredmedia":[{"embeddable":true,"href":"https:\/\/nvnoticias.mx\/index.php\/wp-json\/wp\/v2\/media\/147250"}],"wp:attachment":[{"href":"https:\/\/nvnoticias.mx\/index.php\/wp-json\/wp\/v2\/media?parent=147246"}],"wp:term":[{"taxonomy":"category","embeddable":true,"href":"https:\/\/nvnoticias.mx\/index.php\/wp-json\/wp\/v2\/categories?post=147246"},{"taxonomy":"post_tag","embeddable":true,"href":"https:\/\/nvnoticias.mx\/index.php\/wp-json\/wp\/v2\/tags?post=147246"}],"curies":[{"name":"wp","href":"https:\/\/api.w.org\/{rel}","templated":true}]}}