{"id":147204,"date":"2024-04-23T18:24:50","date_gmt":"2024-04-24T00:24:50","guid":{"rendered":"https:\/\/nvnoticias.mx\/?p=147204"},"modified":"2024-04-23T18:24:52","modified_gmt":"2024-04-24T00:24:52","slug":"alegria-y-solidaridad-circo-onco-en-la-torre-pediatrica-de-veracruz-por-el-dia-del-nino","status":"publish","type":"post","link":"https:\/\/nvnoticias.mx\/index.php\/2024\/04\/23\/alegria-y-solidaridad-circo-onco-en-la-torre-pediatrica-de-veracruz-por-el-dia-del-nino\/","title":{"rendered":"Alegr\u00eda y Solidaridad: Circo Onco en la Torre Pedi\u00e1trica de Veracruz por el D\u00eda del Ni\u00f1o"},"content":{"rendered":"\n<p><\/p>\n\n\n\n<p><strong>Jes\u00fas Utrilla \/ NV Noticias<\/strong><\/p>\n\n\n\n<p>Con motivo de la celebraci\u00f3n del D\u00eda del Ni\u00f1o el pr\u00f3ximo 30 de abril, la Torre Pedi\u00e1trica de Veracruz se prepara para llevar alegr\u00eda y esperanza a los peque\u00f1os que se encuentran en tratamiento en el nosocomio. <\/p>\n\n\n\n<p>En un esfuerzo conjunto con las mam\u00e1s de ni\u00f1os con c\u00e1ncer, se organizar\u00e1 un circo especial dentro del hospital para brindar un momento de felicidad a cerca de 120 ni\u00f1os internados.<\/p>\n\n\n\n<p>Cora de Jes\u00fas Rodr\u00edguez, vocera de las mam\u00e1s de ni\u00f1os con c\u00e1ncer, hizo un llamado a la solidaridad de la comunidad, solicitando la donaci\u00f3n de juguetes, pi\u00f1atas, dulces y todo tipo de apoyo que pueda contribuir a hacer de este evento un d\u00eda inolvidable para los peque\u00f1os pacientes.<\/p>\n\n\n\n<blockquote class=\"wp-block-quote is-layout-flow wp-block-quote-is-layout-flow\">\n<p>&#8220;<em>Es muy importante que todos los ciudadanos nos puedan apoyar, ya que necesitamos juguetes para poder lograr esto, pi\u00f1atas, dulces, juguitos y todo lo que nos puedan brindar en su apoyo para que nosotros podamos lograr el cometido de dar felicidad a toda la Torre Pedi\u00e1trica<\/em>&#8220;, expres\u00f3 Rodr\u00edguez.<\/p>\n<\/blockquote>\n\n\n\n<p>Las donaciones se recibir\u00e1n desde este jueves 25 hasta el lunes 29 de abril en las afueras del Hospital Infantil, en un horario de 8:00 de la ma\u00f1ana a 4:00 de la tarde.<\/p>\n\n\n\n<p>Este evento, que ser\u00e1 la primera vez que se realiza en el inmueble, contar\u00e1 con la participaci\u00f3n activa de las mam\u00e1s, quienes realizar\u00e1n diferentes actos para entretener y alegrar a los peque\u00f1os pacientes.<\/p>\n\n\n\n<p>Rodr\u00edguez record\u00f3 la importancia de este tipo de iniciativas, especialmente para los ni\u00f1os que se encuentran en tratamiento m\u00e9dico, ya que estar en el hospital puede ser una experiencia dif\u00edcil para ellos. Por ello, reiter\u00f3 el llamado a la poblaci\u00f3n para apoyar este noble proyecto y contribuir a hacer del D\u00eda del Ni\u00f1o un d\u00eda especial para los ni\u00f1os de la Torre Pedi\u00e1trica de Veracruz.<\/p>\n\n\n\n<p>Con el compromiso y la solidaridad de la comunidad, este circo onco se presenta como una oportunidad \u00fanica para llevar sonrisas y esperanza a los peque\u00f1os pacientes, demostrando una vez m\u00e1s que juntos podemos hacer la diferencia y brindar momentos de alegr\u00eda en medio de circunstancias dif\u00edciles.<\/p>\n\n\n\n<p><\/p>\n","protected":false},"excerpt":{"rendered":"<p>Jes\u00fas Utrilla \/ NV Noticias Con motivo de la celebraci\u00f3n del D\u00eda del Ni\u00f1o el pr\u00f3ximo 30 de abril, la Torre Pedi\u00e1trica de Veracruz se prepara para llevar alegr\u00eda y esperanza a los peque\u00f1os que se encuentran en tratamiento en el nosocomio. En un esfuerzo conjunto con las mam\u00e1s de ni\u00f1os con c\u00e1ncer, se organizar\u00e1 [&hellip;]<\/p>\n","protected":false},"author":8,"featured_media":147207,"comment_status":"open","ping_status":"open","sticky":false,"template":"","format":"standard","meta":{"_monsterinsights_skip_tracking":false,"_monsterinsights_sitenote_active":false,"_monsterinsights_sitenote_note":"","_monsterinsights_sitenote_category":0,"footnotes":""},"categories":[154],"tags":[2463,14028,10376],"class_list":["post-147204","post","type-post","status-publish","format-standard","has-post-thumbnail","hentry","category-veracruz","tag-circo","tag-dia-del-nino","tag-torre-pediatrica","wp-image-borders"],"amp_enabled":true,"_links":{"self":[{"href":"https:\/\/nvnoticias.mx\/index.php\/wp-json\/wp\/v2\/posts\/147204","targetHints":{"allow":["GET"]}}],"collection":[{"href":"https:\/\/nvnoticias.mx\/index.php\/wp-json\/wp\/v2\/posts"}],"about":[{"href":"https:\/\/nvnoticias.mx\/index.php\/wp-json\/wp\/v2\/types\/post"}],"author":[{"embeddable":true,"href":"https:\/\/nvnoticias.mx\/index.php\/wp-json\/wp\/v2\/users\/8"}],"replies":[{"embeddable":true,"href":"https:\/\/nvnoticias.mx\/index.php\/wp-json\/wp\/v2\/comments?post=147204"}],"version-history":[{"count":1,"href":"https:\/\/nvnoticias.mx\/index.php\/wp-json\/wp\/v2\/posts\/147204\/revisions"}],"predecessor-version":[{"id":147208,"href":"https:\/\/nvnoticias.mx\/index.php\/wp-json\/wp\/v2\/posts\/147204\/revisions\/147208"}],"wp:featuredmedia":[{"embeddable":true,"href":"https:\/\/nvnoticias.mx\/index.php\/wp-json\/wp\/v2\/media\/147207"}],"wp:attachment":[{"href":"https:\/\/nvnoticias.mx\/index.php\/wp-json\/wp\/v2\/media?parent=147204"}],"wp:term":[{"taxonomy":"category","embeddable":true,"href":"https:\/\/nvnoticias.mx\/index.php\/wp-json\/wp\/v2\/categories?post=147204"},{"taxonomy":"post_tag","embeddable":true,"href":"https:\/\/nvnoticias.mx\/index.php\/wp-json\/wp\/v2\/tags?post=147204"}],"curies":[{"name":"wp","href":"https:\/\/api.w.org\/{rel}","templated":true}]}}