{"id":147196,"date":"2024-04-23T16:11:09","date_gmt":"2024-04-23T22:11:09","guid":{"rendered":"https:\/\/nvnoticias.mx\/?p=147196"},"modified":"2024-04-23T16:11:11","modified_gmt":"2024-04-23T22:11:11","slug":"claudia-sheinbaum-no-reforzara-su-seguridad","status":"publish","type":"post","link":"https:\/\/nvnoticias.mx\/index.php\/2024\/04\/23\/claudia-sheinbaum-no-reforzara-su-seguridad\/","title":{"rendered":"Claudia Sheinbaum no reforzar\u00e1 su seguridad"},"content":{"rendered":"\n<p>El equipo de la candidata presidencial de la coalici\u00f3n Sigamos Haciendo Historia,\u00a0Claudia Sheinbaum,\u00a0hizo una evaluaci\u00f3n y decidi\u00f3 no reforzar su seguridad tras detenci\u00f3n de encapuchados en Chiapas, inform\u00f3 el presidente de Morena, Mario Delgado.<\/p>\n\n\n\n<blockquote class=\"wp-block-quote is-layout-flow wp-block-quote-is-layout-flow\">\n<p>\u201cHicieron una evaluaci\u00f3n a partir del incidente que ocurri\u00f3 el domingo y no se consider\u00f3 que se necesite reforzar la seguridad (\u2026) Entonces, no es necesario, no se ha considerado que sea necesario reforzar la seguridad\u201d, explic\u00f3.<br>https:\/\/www.milenio.com\/politica\/elecciones\/claudia-sheinbaum-aumentara-seguridad-reten-chiapas<\/p>\n<\/blockquote>\n\n\n\n<p>En conferencia de prensa, el l\u00edder morenista consider\u00f3 que es \u201cmuy extra\u00f1o el incidente, hay im\u00e1genes del mismo, del di\u00e1logo que tuvieron con la doctora y en ning\u00fan momento es amenazante o se vio que pusiera en riesgo su seguridad; de las im\u00e1genes que hay no se percibe que sea un grupo armado\u201d.<br><br>Fuente: Milenio<\/p>\n\n\n\n<p><br><\/p>\n","protected":false},"excerpt":{"rendered":"<p>El equipo de la candidata presidencial de la coalici\u00f3n Sigamos Haciendo Historia,\u00a0Claudia Sheinbaum,\u00a0hizo una evaluaci\u00f3n y decidi\u00f3 no reforzar su seguridad tras detenci\u00f3n de encapuchados en Chiapas, inform\u00f3 el presidente de Morena, Mario Delgado. \u201cHicieron una evaluaci\u00f3n a partir del incidente que ocurri\u00f3 el domingo y no se consider\u00f3 que se necesite reforzar la seguridad [&hellip;]<\/p>\n","protected":false},"author":35,"featured_media":127871,"comment_status":"open","ping_status":"open","sticky":false,"template":"","format":"standard","meta":{"_monsterinsights_skip_tracking":false,"_monsterinsights_sitenote_active":false,"_monsterinsights_sitenote_note":"","_monsterinsights_sitenote_category":0,"footnotes":""},"categories":[158],"tags":[2801],"class_list":["post-147196","post","type-post","status-publish","format-standard","has-post-thumbnail","hentry","category-politica","tag-claudia-sheinbaum","wp-image-borders"],"amp_enabled":true,"_links":{"self":[{"href":"https:\/\/nvnoticias.mx\/index.php\/wp-json\/wp\/v2\/posts\/147196","targetHints":{"allow":["GET"]}}],"collection":[{"href":"https:\/\/nvnoticias.mx\/index.php\/wp-json\/wp\/v2\/posts"}],"about":[{"href":"https:\/\/nvnoticias.mx\/index.php\/wp-json\/wp\/v2\/types\/post"}],"author":[{"embeddable":true,"href":"https:\/\/nvnoticias.mx\/index.php\/wp-json\/wp\/v2\/users\/35"}],"replies":[{"embeddable":true,"href":"https:\/\/nvnoticias.mx\/index.php\/wp-json\/wp\/v2\/comments?post=147196"}],"version-history":[{"count":3,"href":"https:\/\/nvnoticias.mx\/index.php\/wp-json\/wp\/v2\/posts\/147196\/revisions"}],"predecessor-version":[{"id":147199,"href":"https:\/\/nvnoticias.mx\/index.php\/wp-json\/wp\/v2\/posts\/147196\/revisions\/147199"}],"wp:featuredmedia":[{"embeddable":true,"href":"https:\/\/nvnoticias.mx\/index.php\/wp-json\/wp\/v2\/media\/127871"}],"wp:attachment":[{"href":"https:\/\/nvnoticias.mx\/index.php\/wp-json\/wp\/v2\/media?parent=147196"}],"wp:term":[{"taxonomy":"category","embeddable":true,"href":"https:\/\/nvnoticias.mx\/index.php\/wp-json\/wp\/v2\/categories?post=147196"},{"taxonomy":"post_tag","embeddable":true,"href":"https:\/\/nvnoticias.mx\/index.php\/wp-json\/wp\/v2\/tags?post=147196"}],"curies":[{"name":"wp","href":"https:\/\/api.w.org\/{rel}","templated":true}]}}