{"id":147181,"date":"2024-04-23T18:14:38","date_gmt":"2024-04-24T00:14:38","guid":{"rendered":"https:\/\/nvnoticias.mx\/?p=147181"},"modified":"2024-04-23T18:14:39","modified_gmt":"2024-04-24T00:14:39","slug":"buscan-destrabar-proyecto-del-rio-cotaxtla","status":"publish","type":"post","link":"https:\/\/nvnoticias.mx\/index.php\/2024\/04\/23\/buscan-destrabar-proyecto-del-rio-cotaxtla\/","title":{"rendered":"Buscan destrabar proyecto del R\u00edo Cotaxtla"},"content":{"rendered":"\n<p><\/p>\n\n\n\n<p><strong>Jes\u00fas Utrilla \/ NV Noticias <\/strong><\/p>\n\n\n\n<p>La situaci\u00f3n del suministro de agua en la zona conurbada de Veracruz-Boca del R\u00edo preocupa debido a los retrasos en la construcci\u00f3n del acueducto que tiene como objetivo abastecer de agua proveniente del R\u00edo Cotaxtla. <\/p>\n\n\n\n<p>Estos retrasos se deben principalmente a la oposici\u00f3n del municipio de Medell\u00edn para permitir el paso de la obra por su territorio.<\/p>\n\n\n\n<p>Ante esta situaci\u00f3n, el Grupo Metropolitano de Agua y Saneamiento (Grupo MAS) ha convocado a una reuni\u00f3n con los alcaldes de Veracruz y Medell\u00edn para buscar soluciones y destrabar la construcci\u00f3n del acueducto. <\/p>\n\n\n\n<p>Marco Antonio Moncayo Parra, presidente del Movimiento Renovador Democr\u00e1tico (MRD), se\u00f1al\u00f3 que, aunque el proyecto no resolver\u00e1 completamente el desabasto de agua en la regi\u00f3n durante la temporada de calor, es un paso importante para mitigar la situaci\u00f3n.<\/p>\n\n\n\n<p>La reuni\u00f3n se llevar\u00e1 a cabo en el edificio Banamex de Boca del R\u00edo, donde se espera que se aborden las preocupaciones y objeciones de los municipios involucrados, especialmente en lo que respecta al impacto en sus fuentes de ingreso y en los productores agr\u00edcolas de la regi\u00f3n.<\/p>\n\n\n\n<blockquote class=\"wp-block-quote is-layout-flow wp-block-quote-is-layout-flow\">\n<p><em>\u201cA las 11 en el edificio Banamex de Boca del R\u00edo, Grupo MAS a trav\u00e9s de su director Carlos Javier Sant\u00edn con las autoridades del ayuntamiento de Cotaxtla&#8221;.<\/em><\/p>\n<\/blockquote>\n\n\n\n<p>Moncayo Parra hizo hincapi\u00e9 en la urgencia de abordar el problema del estiaje que afecta a la regi\u00f3n. <\/p>\n\n\n\n<p>A pesar de las objeciones y preocupaciones, el acueducto se presenta como una medida necesaria para garantizar un suministro adecuado de agua a la poblaci\u00f3n, aunque es fundamental encontrar un equilibrio que no perjudique a los productores agr\u00edcolas ni a la ciudadan\u00eda en general.<\/p>\n","protected":false},"excerpt":{"rendered":"<p>Jes\u00fas Utrilla \/ NV Noticias La situaci\u00f3n del suministro de agua en la zona conurbada de Veracruz-Boca del R\u00edo preocupa debido a los retrasos en la construcci\u00f3n del acueducto que tiene como objetivo abastecer de agua proveniente del R\u00edo Cotaxtla. Estos retrasos se deben principalmente a la oposici\u00f3n del municipio de Medell\u00edn para permitir el [&hellip;]<\/p>\n","protected":false},"author":8,"featured_media":147200,"comment_status":"open","ping_status":"open","sticky":false,"template":"","format":"standard","meta":{"_monsterinsights_skip_tracking":false,"_monsterinsights_sitenote_active":false,"_monsterinsights_sitenote_note":"","_monsterinsights_sitenote_category":0,"footnotes":""},"categories":[154],"tags":[6965,7409,19296],"class_list":["post-147181","post","type-post","status-publish","format-standard","has-post-thumbnail","hentry","category-veracruz","tag-grupo-mas-2","tag-proyecto","tag-rio-cotaxtla","wp-image-borders"],"amp_enabled":true,"_links":{"self":[{"href":"https:\/\/nvnoticias.mx\/index.php\/wp-json\/wp\/v2\/posts\/147181","targetHints":{"allow":["GET"]}}],"collection":[{"href":"https:\/\/nvnoticias.mx\/index.php\/wp-json\/wp\/v2\/posts"}],"about":[{"href":"https:\/\/nvnoticias.mx\/index.php\/wp-json\/wp\/v2\/types\/post"}],"author":[{"embeddable":true,"href":"https:\/\/nvnoticias.mx\/index.php\/wp-json\/wp\/v2\/users\/8"}],"replies":[{"embeddable":true,"href":"https:\/\/nvnoticias.mx\/index.php\/wp-json\/wp\/v2\/comments?post=147181"}],"version-history":[{"count":1,"href":"https:\/\/nvnoticias.mx\/index.php\/wp-json\/wp\/v2\/posts\/147181\/revisions"}],"predecessor-version":[{"id":147201,"href":"https:\/\/nvnoticias.mx\/index.php\/wp-json\/wp\/v2\/posts\/147181\/revisions\/147201"}],"wp:featuredmedia":[{"embeddable":true,"href":"https:\/\/nvnoticias.mx\/index.php\/wp-json\/wp\/v2\/media\/147200"}],"wp:attachment":[{"href":"https:\/\/nvnoticias.mx\/index.php\/wp-json\/wp\/v2\/media?parent=147181"}],"wp:term":[{"taxonomy":"category","embeddable":true,"href":"https:\/\/nvnoticias.mx\/index.php\/wp-json\/wp\/v2\/categories?post=147181"},{"taxonomy":"post_tag","embeddable":true,"href":"https:\/\/nvnoticias.mx\/index.php\/wp-json\/wp\/v2\/tags?post=147181"}],"curies":[{"name":"wp","href":"https:\/\/api.w.org\/{rel}","templated":true}]}}