{"id":147029,"date":"2024-04-22T11:03:24","date_gmt":"2024-04-22T17:03:24","guid":{"rendered":"https:\/\/nvnoticias.mx\/?p=147029"},"modified":"2024-04-22T11:03:26","modified_gmt":"2024-04-22T17:03:26","slug":"sre-busca-liberacion-de-jorge-glas","status":"publish","type":"post","link":"https:\/\/nvnoticias.mx\/index.php\/2024\/04\/22\/sre-busca-liberacion-de-jorge-glas\/","title":{"rendered":"SRE busca liberaci\u00f3n de Jorge Glas"},"content":{"rendered":"\n<p>La Secretar\u00eda de Relaciones Exteriores (SRE) busca la liberaci\u00f3n de Jorge Glas, ex vicepresidente de Ecuador, luego de que fuera arrestado en una invasi\u00f3n con violencia dentro de la embajada de M\u00e9xico en Quito.<\/p>\n\n\n\n<p>As\u00ed lo inform\u00f3 la canciller Alicia B\u00e1rcena durante la conferencia de prensa ma\u00f1anera en Palacio Nacional, luego de que recibi\u00f3 una carta del pol\u00edtico ecuatoriano enviada desde prisi\u00f3n en la que acusa ser un perseguido pol\u00edtico.<\/p>\n\n\n\n<p><\/p>\n\n\n\n<p>Estancias, una de ellas el consejo de derechos humanos, estamos viendo lo de la convenci\u00f3n de Caracas es nuestro derecho que nos entreguen a Jorge Glas con un salvoconducto&#8221;, explic\u00f3.\u00a0<br>La gesti\u00f3n diplom\u00e1tica de M\u00e9xico para liberar a quien fue vicepresidente durante el mandato de Rafael Correa y Lenin Moreno obedece a motivos de salud, seg\u00fan la diplom\u00e1tica.<\/p>\n\n\n\n<blockquote class=\"wp-block-quote is-layout-flow wp-block-quote-is-layout-flow\">\n<p>&#8220;En este momento preocupados por su salud, apoyo de terceras embajadas, Suiza, la Nunciatura, que se han ofrecido en apoyar, ver, visitar a Jorge Glas y hacer para que los entreguen&#8221;, reconoci\u00f3.<br><\/p>\n<\/blockquote>\n\n\n\n<p>Fuente: <a href=\"https:\/\/www.milenio.com\/politica\/sre-busca-liberacion-jorge-glas-instancias-internacionales\" data-type=\"link\" data-id=\"https:\/\/www.milenio.com\/politica\/sre-busca-liberacion-jorge-glas-instancias-internacionales\">Milenio<\/a> <\/p>\n","protected":false},"excerpt":{"rendered":"<p>La Secretar\u00eda de Relaciones Exteriores (SRE) busca la liberaci\u00f3n de Jorge Glas, ex vicepresidente de Ecuador, luego de que fuera arrestado en una invasi\u00f3n con violencia dentro de la embajada de M\u00e9xico en Quito. As\u00ed lo inform\u00f3 la canciller Alicia B\u00e1rcena durante la conferencia de prensa ma\u00f1anera en Palacio Nacional, luego de que recibi\u00f3 una [&hellip;]<\/p>\n","protected":false},"author":35,"featured_media":145635,"comment_status":"open","ping_status":"open","sticky":false,"template":"","format":"standard","meta":{"_monsterinsights_skip_tracking":false,"_monsterinsights_sitenote_active":false,"_monsterinsights_sitenote_note":"","_monsterinsights_sitenote_category":0,"footnotes":""},"categories":[158],"tags":[28736,5627],"class_list":["post-147029","post","type-post","status-publish","format-standard","has-post-thumbnail","hentry","category-politica","tag-jorge-glas","tag-sre","wp-image-borders"],"amp_enabled":true,"_links":{"self":[{"href":"https:\/\/nvnoticias.mx\/index.php\/wp-json\/wp\/v2\/posts\/147029","targetHints":{"allow":["GET"]}}],"collection":[{"href":"https:\/\/nvnoticias.mx\/index.php\/wp-json\/wp\/v2\/posts"}],"about":[{"href":"https:\/\/nvnoticias.mx\/index.php\/wp-json\/wp\/v2\/types\/post"}],"author":[{"embeddable":true,"href":"https:\/\/nvnoticias.mx\/index.php\/wp-json\/wp\/v2\/users\/35"}],"replies":[{"embeddable":true,"href":"https:\/\/nvnoticias.mx\/index.php\/wp-json\/wp\/v2\/comments?post=147029"}],"version-history":[{"count":3,"href":"https:\/\/nvnoticias.mx\/index.php\/wp-json\/wp\/v2\/posts\/147029\/revisions"}],"predecessor-version":[{"id":147032,"href":"https:\/\/nvnoticias.mx\/index.php\/wp-json\/wp\/v2\/posts\/147029\/revisions\/147032"}],"wp:featuredmedia":[{"embeddable":true,"href":"https:\/\/nvnoticias.mx\/index.php\/wp-json\/wp\/v2\/media\/145635"}],"wp:attachment":[{"href":"https:\/\/nvnoticias.mx\/index.php\/wp-json\/wp\/v2\/media?parent=147029"}],"wp:term":[{"taxonomy":"category","embeddable":true,"href":"https:\/\/nvnoticias.mx\/index.php\/wp-json\/wp\/v2\/categories?post=147029"},{"taxonomy":"post_tag","embeddable":true,"href":"https:\/\/nvnoticias.mx\/index.php\/wp-json\/wp\/v2\/tags?post=147029"}],"curies":[{"name":"wp","href":"https:\/\/api.w.org\/{rel}","templated":true}]}}