{"id":146964,"date":"2024-04-21T13:43:22","date_gmt":"2024-04-21T19:43:22","guid":{"rendered":"https:\/\/nvnoticias.mx\/?p=146964"},"modified":"2024-04-21T13:43:25","modified_gmt":"2024-04-21T19:43:25","slug":"veracruz-enfrenta-retos-significativos-en-su-desarrollo-democratico","status":"publish","type":"post","link":"https:\/\/nvnoticias.mx\/index.php\/2024\/04\/21\/veracruz-enfrenta-retos-significativos-en-su-desarrollo-democratico\/","title":{"rendered":"Veracruz enfrenta retos significativos en su desarrollo democr\u00e1tico"},"content":{"rendered":"\n<p><strong>Jes\u00fas Utrilla | NV Noticias<\/strong><\/p>\n\n\n\n<p>Veracruz enfrenta retos significativos en su desarrollo democr\u00e1tico, ubic\u00e1ndose en el puesto 29 de los 32 estados de M\u00e9xico, seg\u00fan el \u00edndice 2023 de evoluci\u00f3n comparativa presentado por el consultor pol\u00edtico Jorge Arias. Mientras que Baja California Sur lidera la lista, Veracruz muestra \u00e1reas de mejora en m\u00faltiples dimensiones democr\u00e1ticas.<\/p>\n\n\n\n<p><br>A pesar de la percepci\u00f3n positiva en cuanto a las libertades y derechos de los ciudadanos, afectada por el clima de violencia, la democracia institucional en Veracruz presenta un rendimiento preocupante. Arias se\u00f1al\u00f3 que las fallas institucionales y los problemas de corrupci\u00f3n contribuyen a este bajo desempe\u00f1o, con un puntaje por debajo de los 3,000 puntos en los \u00faltimos a\u00f1os.<\/p>\n\n\n\n<p><br>El \u00edndice de desarrollo democr\u00e1tico de Veracruz para el a\u00f1o pasado rond\u00f3 los 3,000 puntos, disminuyendo en esta ocasi\u00f3n a 2,788 puntos, una cifra considerada baja. Esta ca\u00edda ha llevado a Veracruz a perder cinco posiciones en el ranking nacional.<br>Arias enfatiz\u00f3 la importancia de la participaci\u00f3n ciudadana como elemento vital para fortalecer la democracia.<\/p>\n\n\n\n<p><br>El an\u00e1lisis realizado se bas\u00f3 en 50 indicadores agrupados en cuatro dimensiones: democracia de los ciudadanos, democracia institucional, desarrollo humano y social, y democracia econ\u00f3mica. Baja California Sur encabez\u00f3 la lista con 10,000 puntos, seguido de Yucat\u00e1n. En contraste, Guerrero y Morelos ocupan los \u00faltimos lugares.<\/p>\n\n\n\n<p><br>El panorama democr\u00e1tico de Veracruz requiere atenci\u00f3n y acci\u00f3n colectiva. La participaci\u00f3n activa de los ciudadanos es esencial para superar los desaf\u00edos actuales y construir un futuro m\u00e1s democr\u00e1tico y pr\u00f3spero para la entidad.<\/p>\n","protected":false},"excerpt":{"rendered":"<p>Jes\u00fas Utrilla | NV Noticias Veracruz enfrenta retos significativos en su desarrollo democr\u00e1tico, ubic\u00e1ndose en el puesto 29 de los 32 estados de M\u00e9xico, seg\u00fan el \u00edndice 2023 de evoluci\u00f3n comparativa presentado por el consultor pol\u00edtico Jorge Arias. Mientras que Baja California Sur lidera la lista, Veracruz muestra \u00e1reas de mejora en m\u00faltiples dimensiones democr\u00e1ticas. [&hellip;]<\/p>\n","protected":false},"author":35,"featured_media":146965,"comment_status":"open","ping_status":"open","sticky":false,"template":"","format":"standard","meta":{"_monsterinsights_skip_tracking":false,"_monsterinsights_sitenote_active":false,"_monsterinsights_sitenote_note":"","_monsterinsights_sitenote_category":0,"footnotes":""},"categories":[154],"tags":[180],"class_list":["post-146964","post","type-post","status-publish","format-standard","has-post-thumbnail","hentry","category-veracruz","tag-veracruz","wp-image-borders"],"amp_enabled":true,"_links":{"self":[{"href":"https:\/\/nvnoticias.mx\/index.php\/wp-json\/wp\/v2\/posts\/146964","targetHints":{"allow":["GET"]}}],"collection":[{"href":"https:\/\/nvnoticias.mx\/index.php\/wp-json\/wp\/v2\/posts"}],"about":[{"href":"https:\/\/nvnoticias.mx\/index.php\/wp-json\/wp\/v2\/types\/post"}],"author":[{"embeddable":true,"href":"https:\/\/nvnoticias.mx\/index.php\/wp-json\/wp\/v2\/users\/35"}],"replies":[{"embeddable":true,"href":"https:\/\/nvnoticias.mx\/index.php\/wp-json\/wp\/v2\/comments?post=146964"}],"version-history":[{"count":1,"href":"https:\/\/nvnoticias.mx\/index.php\/wp-json\/wp\/v2\/posts\/146964\/revisions"}],"predecessor-version":[{"id":146966,"href":"https:\/\/nvnoticias.mx\/index.php\/wp-json\/wp\/v2\/posts\/146964\/revisions\/146966"}],"wp:featuredmedia":[{"embeddable":true,"href":"https:\/\/nvnoticias.mx\/index.php\/wp-json\/wp\/v2\/media\/146965"}],"wp:attachment":[{"href":"https:\/\/nvnoticias.mx\/index.php\/wp-json\/wp\/v2\/media?parent=146964"}],"wp:term":[{"taxonomy":"category","embeddable":true,"href":"https:\/\/nvnoticias.mx\/index.php\/wp-json\/wp\/v2\/categories?post=146964"},{"taxonomy":"post_tag","embeddable":true,"href":"https:\/\/nvnoticias.mx\/index.php\/wp-json\/wp\/v2\/tags?post=146964"}],"curies":[{"name":"wp","href":"https:\/\/api.w.org\/{rel}","templated":true}]}}