{"id":14695,"date":"2021-05-30T15:55:00","date_gmt":"2021-05-30T20:55:00","guid":{"rendered":"https:\/\/nvnoticias.mx\/?p=14695"},"modified":"2021-05-30T15:55:01","modified_gmt":"2021-05-30T20:55:01","slug":"el-dia-4-se-suspende-vacunacion-covid","status":"publish","type":"post","link":"https:\/\/nvnoticias.mx\/index.php\/2021\/05\/30\/el-dia-4-se-suspende-vacunacion-covid\/","title":{"rendered":"El d\u00eda 4 se suspende vacunaci\u00f3n Covid"},"content":{"rendered":"\n<p><strong>Jes\u00fas Utrilla \/ NV Noticias<\/strong><\/p>\n\n\n\n<p>El gobierno federal suspender\u00e1 a partir del viernes por la tarde la vacunaci\u00f3n contra el coronavirus como parte del blindaje electoral y permitir el pleno desarrollo de la contienda.<\/p>\n\n\n\n<p>El delegado federal Manuel Huerta Ladr\u00f3n de Guevara se\u00f1al\u00f3 que en acuerdo con las diferentes autoridades que participan en la jornada de inmunizaci\u00f3n permitir\u00e1n que los ciudadanos acudan a las urnas sin otros pendientes.<\/p>\n\n\n\n<blockquote class=\"wp-block-quote is-layout-flow wp-block-quote-is-layout-flow\"><p>\u201cTenemos la instrucci\u00f3n de cerrar las oficinas con sellos y dem\u00e1s, los veh\u00edculos, darle descanso a los trabajadores, a excepci\u00f3n los que tengamos que atender algunas actividades propias del proceso de vacunaci\u00f3n\u201d.<\/p><\/blockquote>\n\n\n\n<p>La jornada de vacunaci\u00f3n se retomar\u00e1 el martes 8 de junio, una vez concluida la jornada electoral, con la vacunaci\u00f3n contra el coronavirus para personas de 40 a 49 a\u00f1os.<br>A\u00fan est\u00e1n definiendo los puntos para iniciar dicha labor.<\/p>\n\n\n\n<p>Record\u00f3 que hace algunos d\u00edas abri\u00f3 la plataforma <strong>para el registro de personas de 40 a 49 a\u00f1os en mivacuna.salud.gob.mx.<\/strong><\/p>\n\n\n\n<p>Explic\u00f3 que la vacunaci\u00f3n no se retomar\u00e1 en lunes debido a que las autoridades de seguridad seguir\u00e1n trabajando en el resguardo de la papeler\u00eda electoral y lo competente a la elecci\u00f3n.<\/p>\n\n\n\n<p>Sin embargo, se trabaja en la planeaci\u00f3n para que el d\u00eda 8 se abran nuevamente los centros de vacunaci\u00f3n.<\/p>\n\n\n\n<p>Incluso se permitir\u00e1 que se vacunen grupos generacionales remisos.<\/p>\n","protected":false},"excerpt":{"rendered":"<p>Se retoma el 8 con personas de 40 a 49 a\u00f1os <\/p>\n","protected":false},"author":6,"featured_media":1326,"comment_status":"open","ping_status":"open","sticky":false,"template":"","format":"standard","meta":{"_monsterinsights_skip_tracking":false,"_monsterinsights_sitenote_active":false,"_monsterinsights_sitenote_note":"","_monsterinsights_sitenote_category":0,"footnotes":""},"categories":[154],"tags":[175,162,809,180],"class_list":["post-14695","post","type-post","status-publish","format-standard","has-post-thumbnail","hentry","category-veracruz","tag-covid-19","tag-portada","tag-vacunacion","tag-veracruz","wp-image-borders"],"amp_enabled":true,"_links":{"self":[{"href":"https:\/\/nvnoticias.mx\/index.php\/wp-json\/wp\/v2\/posts\/14695","targetHints":{"allow":["GET"]}}],"collection":[{"href":"https:\/\/nvnoticias.mx\/index.php\/wp-json\/wp\/v2\/posts"}],"about":[{"href":"https:\/\/nvnoticias.mx\/index.php\/wp-json\/wp\/v2\/types\/post"}],"author":[{"embeddable":true,"href":"https:\/\/nvnoticias.mx\/index.php\/wp-json\/wp\/v2\/users\/6"}],"replies":[{"embeddable":true,"href":"https:\/\/nvnoticias.mx\/index.php\/wp-json\/wp\/v2\/comments?post=14695"}],"version-history":[{"count":1,"href":"https:\/\/nvnoticias.mx\/index.php\/wp-json\/wp\/v2\/posts\/14695\/revisions"}],"predecessor-version":[{"id":14696,"href":"https:\/\/nvnoticias.mx\/index.php\/wp-json\/wp\/v2\/posts\/14695\/revisions\/14696"}],"wp:featuredmedia":[{"embeddable":true,"href":"https:\/\/nvnoticias.mx\/index.php\/wp-json\/wp\/v2\/media\/1326"}],"wp:attachment":[{"href":"https:\/\/nvnoticias.mx\/index.php\/wp-json\/wp\/v2\/media?parent=14695"}],"wp:term":[{"taxonomy":"category","embeddable":true,"href":"https:\/\/nvnoticias.mx\/index.php\/wp-json\/wp\/v2\/categories?post=14695"},{"taxonomy":"post_tag","embeddable":true,"href":"https:\/\/nvnoticias.mx\/index.php\/wp-json\/wp\/v2\/tags?post=14695"}],"curies":[{"name":"wp","href":"https:\/\/api.w.org\/{rel}","templated":true}]}}