{"id":14686,"date":"2021-05-30T11:58:59","date_gmt":"2021-05-30T16:58:59","guid":{"rendered":"https:\/\/nvnoticias.mx\/?p=14686"},"modified":"2021-05-30T12:02:23","modified_gmt":"2021-05-30T17:02:23","slug":"industria-del-cemento-acusa-desplazamiento-de-mano-de-obra","status":"publish","type":"post","link":"https:\/\/nvnoticias.mx\/index.php\/2021\/05\/30\/industria-del-cemento-acusa-desplazamiento-de-mano-de-obra\/","title":{"rendered":"Industria del cemento acusa desplazamiento de mano de obra"},"content":{"rendered":"\n<p><strong>Jes\u00fas Utrilla \/ NV Noticias<\/strong><\/p>\n\n\n\n<p>Trabajadores veracruzanos fueron desplazados de trabajar en la planta de Holcim Apasco, ubicada en Ixtaczoquitl\u00e1n.<\/p>\n\n\n\n<p>La Secretaria Estatal del Sindicato del Cemento, Roc\u00edo Montes de Oca Ayala, acus\u00f3 que est\u00e1n contratando personal de otras entidades, dejando sin oportunidad de trabajo a los veracruzanos.<\/p>\n\n\n\n<p>Ello implica el incumplimiento del contrato colectivo de trabajo y el desplazamiento se\u00f1alado, por ello solicit\u00f3 la intervenci\u00f3n de las autoridades estatales.<\/p>\n\n\n\n<blockquote class=\"wp-block-quote is-layout-flow wp-block-quote-is-layout-flow\"><p><em>\u201cAlgunos compa\u00f1eros fueron detenidos por presentarse a laborar como operadores, en un claro ataque de parte de la empresa. La empresa ha prestado o\u00eddos sordos a los pedimentos sindicales de que se respete el contrato colectivo\u201d.<\/em><\/p><\/blockquote>\n\n\n\n<p>Advirti\u00f3 que si la autoridad no interviene bloquear\u00e1n carreteras a manera de protesta, porque seguir\u00e1 el despojo del trabajo para d\u00e1rselo al transporte for\u00e1neo.<\/p>\n\n\n\n<p>El contrato se firm\u00f3 con el Sindicato Nacional del Cemento y sus filiales en el pa\u00eds, por lo que no pueden desconocerlo bajo ning\u00fan pretexto<\/p>\n\n\n\n<blockquote class=\"wp-block-quote is-layout-flow wp-block-quote-is-layout-flow\"><p><em>\u201cDesde hace algunos meses ven\u00edamos teniendo negociaciones con los ejecutivos de la empresa, sin embargo hace unas semanas comenz\u00f3 una actitud de cerraz\u00f3n, lo que deriv\u00f3 en que cuando unos compa\u00f1eros llegaron a trabajar fueron detenidos bajo pretextos insulsos y ya llevan m\u00e1s de 48 horas detenidos sin que se diga cuales son los cargos&#8221;.<\/em><\/p><\/blockquote>\n\n\n\n<p>Llam\u00f3 a las autoridades estatales a intervenir en el caso, pues de lo contrario adoptaran medidas dr\u00e1sticas para llamar su atenci\u00f3n.<\/p>\n","protected":false},"excerpt":{"rendered":"<p>Jes\u00fas Utrilla \/ NV Noticias Trabajadores veracruzanos fueron desplazados de trabajar en la planta de Holcim Apasco, ubicada en Ixtaczoquitl\u00e1n. La Secretaria Estatal del Sindicato del Cemento, Roc\u00edo Montes de Oca Ayala, acus\u00f3 que est\u00e1n contratando personal de otras entidades, dejando sin oportunidad de trabajo a los veracruzanos. Ello implica el incumplimiento del contrato colectivo [&hellip;]<\/p>\n","protected":false},"author":7,"featured_media":14687,"comment_status":"open","ping_status":"open","sticky":false,"template":"","format":"standard","meta":{"_monsterinsights_skip_tracking":false,"_monsterinsights_sitenote_active":false,"_monsterinsights_sitenote_note":"","_monsterinsights_sitenote_category":0,"footnotes":""},"categories":[154],"tags":[1800,4073,4072,4074],"class_list":["post-14686","post","type-post","status-publish","format-standard","has-post-thumbnail","hentry","category-veracruz","tag-cemento","tag-holcim-apasco","tag-ixtaczoquitlan","tag-sindicato-nacional-del-cemento","wp-image-borders"],"amp_enabled":true,"_links":{"self":[{"href":"https:\/\/nvnoticias.mx\/index.php\/wp-json\/wp\/v2\/posts\/14686","targetHints":{"allow":["GET"]}}],"collection":[{"href":"https:\/\/nvnoticias.mx\/index.php\/wp-json\/wp\/v2\/posts"}],"about":[{"href":"https:\/\/nvnoticias.mx\/index.php\/wp-json\/wp\/v2\/types\/post"}],"author":[{"embeddable":true,"href":"https:\/\/nvnoticias.mx\/index.php\/wp-json\/wp\/v2\/users\/7"}],"replies":[{"embeddable":true,"href":"https:\/\/nvnoticias.mx\/index.php\/wp-json\/wp\/v2\/comments?post=14686"}],"version-history":[{"count":1,"href":"https:\/\/nvnoticias.mx\/index.php\/wp-json\/wp\/v2\/posts\/14686\/revisions"}],"predecessor-version":[{"id":14688,"href":"https:\/\/nvnoticias.mx\/index.php\/wp-json\/wp\/v2\/posts\/14686\/revisions\/14688"}],"wp:featuredmedia":[{"embeddable":true,"href":"https:\/\/nvnoticias.mx\/index.php\/wp-json\/wp\/v2\/media\/14687"}],"wp:attachment":[{"href":"https:\/\/nvnoticias.mx\/index.php\/wp-json\/wp\/v2\/media?parent=14686"}],"wp:term":[{"taxonomy":"category","embeddable":true,"href":"https:\/\/nvnoticias.mx\/index.php\/wp-json\/wp\/v2\/categories?post=14686"},{"taxonomy":"post_tag","embeddable":true,"href":"https:\/\/nvnoticias.mx\/index.php\/wp-json\/wp\/v2\/tags?post=14686"}],"curies":[{"name":"wp","href":"https:\/\/api.w.org\/{rel}","templated":true}]}}