{"id":146736,"date":"2024-04-18T16:35:46","date_gmt":"2024-04-18T22:35:46","guid":{"rendered":"https:\/\/nvnoticias.mx\/?p=146736"},"modified":"2024-04-18T16:35:47","modified_gmt":"2024-04-18T22:35:47","slug":"melissa-barrera-cree-que-su-personaje-tiene-un-buen-cierre-en-la-saga-de-scream","status":"publish","type":"post","link":"https:\/\/nvnoticias.mx\/index.php\/2024\/04\/18\/melissa-barrera-cree-que-su-personaje-tiene-un-buen-cierre-en-la-saga-de-scream\/","title":{"rendered":"Melissa Barrera cree que su personaje tiene un buen cierre en la saga de Scream"},"content":{"rendered":"\n<p>La famosa saga de\u00a0<strong>terror<\/strong>\u00a0<em>Scream<\/em>\u00a0revivi\u00f3 en los cines con el lanzamiento de su quinto largometraje el pasado 2022, el cual trajo de vuelta al elenco original encabezado por\u00a0<strong>Neve Campbell<\/strong>\u00a0para guiar a una nueva generaci\u00f3n de protagonistas con un grupo liderado por\u00a0Melissa Barrera\u00a0y\u00a0<strong>Jenna Ortega<\/strong>.<\/p>\n\n\n\n<p>Las j\u00f3venes cobraron m\u00e1s protagonismo en\u00a0<em>Scream VI<\/em>\u00a0debido a la marcha de Neve Campbell por cuestiones de salario. A pesar de la salida de la protagonista original, la\u00a0<strong>pel\u00edcula<\/strong>\u00a0supo mantener el tipo y se ha convertido en una de las mejores para buena parte de los fans de la franquicia.<\/p>\n\n\n\n<p>Sin embargo, cuando parec\u00eda que las cosas iban por buen camino, la futura\u00a0<em>Scream 7<\/em>\u00a0sufre un serio rev\u00e9s debido a que, no solo sus directores abandonaron el proyecto, sino que las actrices principales tampoco van a formar parte de la franquicia:\u00a0<strong>Melissa Barrera es despedida por unas declaraciones sobre Ham\u00e1s, mientras que Jenna Ortega se ha marchado por temas de salario<\/strong>.<\/p>\n\n\n\n<p>No obstante,\u00a0<strong>Melissa Barrera cree que a su personaje se le ha dado un buen final en la \u00faltima entrega de la franquicia<\/strong>, por lo que no necesita que su historia se expanda en una nueva pel\u00edcula.<\/p>\n\n\n\n<blockquote class=\"wp-block-quote is-layout-flow wp-block-quote-is-layout-flow\">\n<p>&#8220;Siento que el final de [<em>Scream VI<\/em>] fue un muy buen final, as\u00ed que no siento que &#8216;Uf, me dejaron en el medio&#8217;. No, creo que la gente, los fans, quer\u00edan una tercera pel\u00edcula para continuar ese arco y aparentemente el plan era una trilog\u00eda, a pesar de que solo me contrataron para dos pel\u00edculas.<\/p>\n<\/blockquote>\n","protected":false},"excerpt":{"rendered":"<p>La famosa saga de\u00a0terror\u00a0Scream\u00a0revivi\u00f3 en los cines con el lanzamiento de su quinto largometraje el pasado 2022, el cual trajo de vuelta al elenco original encabezado por\u00a0Neve Campbell\u00a0para guiar a una nueva generaci\u00f3n de protagonistas con un grupo liderado por\u00a0Melissa Barrera\u00a0y\u00a0Jenna Ortega. Las j\u00f3venes cobraron m\u00e1s protagonismo en\u00a0Scream VI\u00a0debido a la marcha de Neve Campbell [&hellip;]<\/p>\n","protected":false},"author":35,"featured_media":130166,"comment_status":"open","ping_status":"open","sticky":false,"template":"","format":"standard","meta":{"_monsterinsights_skip_tracking":false,"_monsterinsights_sitenote_active":false,"_monsterinsights_sitenote_note":"","_monsterinsights_sitenote_category":0,"footnotes":""},"categories":[576],"tags":[23705,6339],"class_list":["post-146736","post","type-post","status-publish","format-standard","has-post-thumbnail","hentry","category-ocio","tag-melissa-barrera","tag-scream","wp-image-borders"],"amp_enabled":true,"_links":{"self":[{"href":"https:\/\/nvnoticias.mx\/index.php\/wp-json\/wp\/v2\/posts\/146736","targetHints":{"allow":["GET"]}}],"collection":[{"href":"https:\/\/nvnoticias.mx\/index.php\/wp-json\/wp\/v2\/posts"}],"about":[{"href":"https:\/\/nvnoticias.mx\/index.php\/wp-json\/wp\/v2\/types\/post"}],"author":[{"embeddable":true,"href":"https:\/\/nvnoticias.mx\/index.php\/wp-json\/wp\/v2\/users\/35"}],"replies":[{"embeddable":true,"href":"https:\/\/nvnoticias.mx\/index.php\/wp-json\/wp\/v2\/comments?post=146736"}],"version-history":[{"count":5,"href":"https:\/\/nvnoticias.mx\/index.php\/wp-json\/wp\/v2\/posts\/146736\/revisions"}],"predecessor-version":[{"id":146741,"href":"https:\/\/nvnoticias.mx\/index.php\/wp-json\/wp\/v2\/posts\/146736\/revisions\/146741"}],"wp:featuredmedia":[{"embeddable":true,"href":"https:\/\/nvnoticias.mx\/index.php\/wp-json\/wp\/v2\/media\/130166"}],"wp:attachment":[{"href":"https:\/\/nvnoticias.mx\/index.php\/wp-json\/wp\/v2\/media?parent=146736"}],"wp:term":[{"taxonomy":"category","embeddable":true,"href":"https:\/\/nvnoticias.mx\/index.php\/wp-json\/wp\/v2\/categories?post=146736"},{"taxonomy":"post_tag","embeddable":true,"href":"https:\/\/nvnoticias.mx\/index.php\/wp-json\/wp\/v2\/tags?post=146736"}],"curies":[{"name":"wp","href":"https:\/\/api.w.org\/{rel}","templated":true}]}}