{"id":146725,"date":"2024-04-18T16:15:58","date_gmt":"2024-04-18T22:15:58","guid":{"rendered":"https:\/\/nvnoticias.mx\/?p=146725"},"modified":"2024-04-18T16:15:59","modified_gmt":"2024-04-18T22:15:59","slug":"taylor-swift-anuncia-colaboracion-con-post-malone-como-sencillo-principal-de-su-album","status":"publish","type":"post","link":"https:\/\/nvnoticias.mx\/index.php\/2024\/04\/18\/taylor-swift-anuncia-colaboracion-con-post-malone-como-sencillo-principal-de-su-album\/","title":{"rendered":"Taylor Swift anuncia colaboraci\u00f3n con Post Malone como sencillo principal de su \u00e1lbum"},"content":{"rendered":"\n<p><strong>Este 19 de abril, Taylor Swift estrenar\u00e1 su nuevo \u00e1lbum&nbsp;&#8220;The Tortured Poets Department&#8221;<\/strong>, siguiendo el patr\u00f3n de lanzar un \u00e1lbum in\u00e9dito despu\u00e9s de haber estrenado dos regrabaciones.<\/p>\n\n\n\n<p>Fue hace tan solo seis meses cuando Taylor Swift estren\u00f3 &#8220;1989 (Taylor&#8217;s Version)&#8221;, una regrabaci\u00f3n de su \u00e1lbum hom\u00f3nimo de 2014.<\/p>\n\n\n\n<p>En febrero de este a\u00f1o, la cantante sorprendi\u00f3 a sus fans al anunciar durante los Premios Grammy el pr\u00f3ximo lanzamiento de\u00a0&#8220;The Tortured Poets Department&#8221;, una noticia que tom\u00f3 a los\u00a0<em>swifties\u00a0<\/em>por sorpresa ya que todos esperaban que anunciara la regrabaci\u00f3n del \u00e1lbum &#8220;Reputation&#8221;.<\/p>\n\n\n\n<p>&#8220;The Tortured Poets Departament&#8221; contar\u00e1 con colaboraciones de los artistas\u00a0Florence + The Machine y Post Malone, y<strong>\u00a0este 18 de abril Taylor Swift que su colaboraci\u00f3n con Post Malone, una canci\u00f3n titulada &#8220;Fortnight&#8221; ser\u00e1 el sencillo principal del \u00e1lbum, y contar\u00e1 con un video musical que se estrenar\u00e1 el viernes a la<\/strong> 20:00pm.<\/p>\n\n\n\n<p><\/p>\n","protected":false},"excerpt":{"rendered":"<p>Este 19 de abril, Taylor Swift estrenar\u00e1 su nuevo \u00e1lbum&nbsp;&#8220;The Tortured Poets Department&#8221;, siguiendo el patr\u00f3n de lanzar un \u00e1lbum in\u00e9dito despu\u00e9s de haber estrenado dos regrabaciones. Fue hace tan solo seis meses cuando Taylor Swift estren\u00f3 &#8220;1989 (Taylor&#8217;s Version)&#8221;, una regrabaci\u00f3n de su \u00e1lbum hom\u00f3nimo de 2014. En febrero de este a\u00f1o, la cantante [&hellip;]<\/p>\n","protected":false},"author":35,"featured_media":146730,"comment_status":"open","ping_status":"open","sticky":false,"template":"","format":"standard","meta":{"_monsterinsights_skip_tracking":false,"_monsterinsights_sitenote_active":false,"_monsterinsights_sitenote_note":"","_monsterinsights_sitenote_category":0,"footnotes":""},"categories":[576],"tags":[26043,4135,29261],"class_list":["post-146725","post","type-post","status-publish","format-standard","has-post-thumbnail","hentry","category-ocio","tag-post-malone","tag-taylor-swift","tag-the-tortured-poets-department","wp-image-borders"],"amp_enabled":true,"_links":{"self":[{"href":"https:\/\/nvnoticias.mx\/index.php\/wp-json\/wp\/v2\/posts\/146725","targetHints":{"allow":["GET"]}}],"collection":[{"href":"https:\/\/nvnoticias.mx\/index.php\/wp-json\/wp\/v2\/posts"}],"about":[{"href":"https:\/\/nvnoticias.mx\/index.php\/wp-json\/wp\/v2\/types\/post"}],"author":[{"embeddable":true,"href":"https:\/\/nvnoticias.mx\/index.php\/wp-json\/wp\/v2\/users\/35"}],"replies":[{"embeddable":true,"href":"https:\/\/nvnoticias.mx\/index.php\/wp-json\/wp\/v2\/comments?post=146725"}],"version-history":[{"count":4,"href":"https:\/\/nvnoticias.mx\/index.php\/wp-json\/wp\/v2\/posts\/146725\/revisions"}],"predecessor-version":[{"id":146729,"href":"https:\/\/nvnoticias.mx\/index.php\/wp-json\/wp\/v2\/posts\/146725\/revisions\/146729"}],"wp:featuredmedia":[{"embeddable":true,"href":"https:\/\/nvnoticias.mx\/index.php\/wp-json\/wp\/v2\/media\/146730"}],"wp:attachment":[{"href":"https:\/\/nvnoticias.mx\/index.php\/wp-json\/wp\/v2\/media?parent=146725"}],"wp:term":[{"taxonomy":"category","embeddable":true,"href":"https:\/\/nvnoticias.mx\/index.php\/wp-json\/wp\/v2\/categories?post=146725"},{"taxonomy":"post_tag","embeddable":true,"href":"https:\/\/nvnoticias.mx\/index.php\/wp-json\/wp\/v2\/tags?post=146725"}],"curies":[{"name":"wp","href":"https:\/\/api.w.org\/{rel}","templated":true}]}}