{"id":146702,"date":"2024-04-18T15:50:15","date_gmt":"2024-04-18T21:50:15","guid":{"rendered":"https:\/\/nvnoticias.mx\/?p=146702"},"modified":"2024-04-18T15:50:16","modified_gmt":"2024-04-18T21:50:16","slug":"alista-oposicion-accion-de-inconstitucionalidad-contra-reformas-a-ley-de-amparo","status":"publish","type":"post","link":"https:\/\/nvnoticias.mx\/index.php\/2024\/04\/18\/alista-oposicion-accion-de-inconstitucionalidad-contra-reformas-a-ley-de-amparo\/","title":{"rendered":"Alista Oposici\u00f3n acci\u00f3n de inconstitucionalidad contra reformas a Ley de Amparo"},"content":{"rendered":"\n<p>El bloque de contenci\u00f3n en el Senado alista una acci\u00f3n de inconstitucionalidad en contra de las reformas a la\u00a0<strong>Ley de Amparo<\/strong>.<\/p>\n\n\n\n<blockquote class=\"wp-block-quote is-layout-flow wp-block-quote-is-layout-flow\">\n<p>\u201cLa red avalada por&nbsp;<strong>Morena&nbsp;<\/strong>y sus aliados en el Senado es un claro intento de legitimar la flagrante ilegalidad con la que se conduce el Presidente de la Rep\u00fablica a expensas de las y los mexicanos\u201d.<\/p>\n<\/blockquote>\n\n\n\n<p>Desde la oposici\u00f3n, se\u00f1alamos que estamos unidos para denunciar esta maniobra, por lo que presentaremos una acci\u00f3n de inconstitucionalidad contra esta reforma\u201d, expuso la senadora Gina Andrea Cruz Blackledge.<\/p>\n\n\n\n<p>Acot\u00f3 que las reformas a la Ley de Amparo propuestas por el partido en el gobierno son medidas que, disfrazadas bajo el pretexto de agilizar la justicia, representan una amenaza directa a uno de los pilares fundamentales de nuestro Estado de Derecho y a un medio de tutela eficaz de los derechos humanos.<\/p>\n\n\n\n<p>Cruz Blackledge acus\u00f3 a Morena y sus aliados de perseguir, con esta reforma, la eliminaci\u00f3n de la facultad de los jueces para suspender la aplicaci\u00f3n de normas generales inconstitucionales.<\/p>\n\n\n\n<p>\u201cEsta acci\u00f3n, deja a los sectores m\u00e1s vulnerables en una situaci\u00f3n de total indefensi\u00f3n\u201d, precis\u00f3.<\/p>\n\n\n\n<p><\/p>\n\n\n\n<p>Fuente:El Universal <\/p>\n","protected":false},"excerpt":{"rendered":"<p>El bloque de contenci\u00f3n en el Senado alista una acci\u00f3n de inconstitucionalidad en contra de las reformas a la\u00a0Ley de Amparo. \u201cLa red avalada por&nbsp;Morena&nbsp;y sus aliados en el Senado es un claro intento de legitimar la flagrante ilegalidad con la que se conduce el Presidente de la Rep\u00fablica a expensas de las y los [&hellip;]<\/p>\n","protected":false},"author":35,"featured_media":29206,"comment_status":"open","ping_status":"open","sticky":false,"template":"","format":"standard","meta":{"_monsterinsights_skip_tracking":false,"_monsterinsights_sitenote_active":false,"_monsterinsights_sitenote_note":"","_monsterinsights_sitenote_category":0,"footnotes":""},"categories":[158],"tags":[2378,2855,162],"class_list":["post-146702","post","type-post","status-publish","format-standard","has-post-thumbnail","hentry","category-politica","tag-ley-de-amparo","tag-oposicion","tag-portada","wp-image-borders"],"amp_enabled":true,"_links":{"self":[{"href":"https:\/\/nvnoticias.mx\/index.php\/wp-json\/wp\/v2\/posts\/146702","targetHints":{"allow":["GET"]}}],"collection":[{"href":"https:\/\/nvnoticias.mx\/index.php\/wp-json\/wp\/v2\/posts"}],"about":[{"href":"https:\/\/nvnoticias.mx\/index.php\/wp-json\/wp\/v2\/types\/post"}],"author":[{"embeddable":true,"href":"https:\/\/nvnoticias.mx\/index.php\/wp-json\/wp\/v2\/users\/35"}],"replies":[{"embeddable":true,"href":"https:\/\/nvnoticias.mx\/index.php\/wp-json\/wp\/v2\/comments?post=146702"}],"version-history":[{"count":4,"href":"https:\/\/nvnoticias.mx\/index.php\/wp-json\/wp\/v2\/posts\/146702\/revisions"}],"predecessor-version":[{"id":146706,"href":"https:\/\/nvnoticias.mx\/index.php\/wp-json\/wp\/v2\/posts\/146702\/revisions\/146706"}],"wp:featuredmedia":[{"embeddable":true,"href":"https:\/\/nvnoticias.mx\/index.php\/wp-json\/wp\/v2\/media\/29206"}],"wp:attachment":[{"href":"https:\/\/nvnoticias.mx\/index.php\/wp-json\/wp\/v2\/media?parent=146702"}],"wp:term":[{"taxonomy":"category","embeddable":true,"href":"https:\/\/nvnoticias.mx\/index.php\/wp-json\/wp\/v2\/categories?post=146702"},{"taxonomy":"post_tag","embeddable":true,"href":"https:\/\/nvnoticias.mx\/index.php\/wp-json\/wp\/v2\/tags?post=146702"}],"curies":[{"name":"wp","href":"https:\/\/api.w.org\/{rel}","templated":true}]}}