{"id":146657,"date":"2024-04-18T13:56:25","date_gmt":"2024-04-18T19:56:25","guid":{"rendered":"https:\/\/nvnoticias.mx\/?p=146657"},"modified":"2024-04-18T13:56:26","modified_gmt":"2024-04-18T19:56:26","slug":"reportan-al-menos-10-muertos-por-explosion-de-una-mina-terrestre-en-nigeria","status":"publish","type":"post","link":"https:\/\/nvnoticias.mx\/index.php\/2024\/04\/18\/reportan-al-menos-10-muertos-por-explosion-de-una-mina-terrestre-en-nigeria\/","title":{"rendered":"Reportan al menos 10 muertos por explosi\u00f3n de una mina terrestre en Nigeria"},"content":{"rendered":"\n<p>Al menos 10 civiles murieron este mi\u00e9rcoles en el noreste de\u00a0<strong>Nigeria\u00a0<\/strong>por la\u00a0<strong>explosi\u00f3n de una mina<\/strong>\u00a0terrestre atribuida al grupo yihadista\u00a0<strong>Estado Isl\u00e1mico<\/strong>\u00a0en la Provincia de \u00c1frica Occidental (ISWAP, en ingl\u00e9s), confirmaron este jueves a EFE fuentes pr\u00f3ximas al Ej\u00e9rcito.<\/p>\n\n\n\n<p>El ataque ocurri\u00f3 en la localidad de Monguno, situada en el estado de Borno.<\/p>\n\n\n\n<blockquote class=\"wp-block-quote is-layout-flow wp-block-quote-is-layout-flow\">\n<p>&#8220;S\u00ed, puedo confirmar que 10 personas, principalmente comerciantes y pescadores, murieron el mi\u00e9rcoles cuando el veh\u00edculo que los transportaba choc\u00f3 contra una\u00a0<strong>mina terrestre\u00a0<\/strong>colocada por el ISWAP y explot\u00f3 en Monguno&#8221;, declar\u00f3 a EFE Muhammad Goni, l\u00edder de las Fuerzas de Trabajo Conjuntas Civiles (CJTF, siglas en ingl\u00e9s).<\/p>\n<\/blockquote>\n\n\n\n<p>Las CJTF son grupos armados de autodefensa civil que ayudan a las Fuerzas Armadas nigerianas en la lucha contra el&nbsp;<strong>yihadismo<\/strong>.<\/p>\n\n\n\n<blockquote class=\"wp-block-quote is-layout-flow wp-block-quote-is-layout-flow\">\n<p>&#8220;Iban de camino al&nbsp;<strong>lago Chad<\/strong>&nbsp;cuando ocurri\u00f3 el incidente. Al menos veinte personas que iban en el mismo veh\u00edculo resultaron gravemente heridas&#8221;, precis\u00f3 Goni por tel\u00e9fono.<\/p>\n<\/blockquote>\n\n\n\n<p>Otro miliciano antiyihadista, Abubakar Tukur, dijo a EFE que el incidente ocurri\u00f3 alrededor de las 10:00 hora local (09:00 GMT).<\/p>\n\n\n\n<blockquote class=\"wp-block-quote is-layout-flow wp-block-quote-is-layout-flow\">\n<p>&#8220;Los diez cuerpos fueron recuperados. Fueron quemados hasta quedar irreconocibles y enterrados&#8221;, asegur\u00f3 Tukur.<\/p>\n<\/blockquote>\n\n\n\n<p>Fuente:<a href=\"https:\/\/www.eluniversal.com.mx\/mundo\/reportan-al-menos-10-muertos-por-explosion-de-una-mina-terrestre-en-nigeria-atribuyen-ataque-a-estado-islamico\/\" data-type=\"link\" data-id=\"https:\/\/www.eluniversal.com.mx\/mundo\/reportan-al-menos-10-muertos-por-explosion-de-una-mina-terrestre-en-nigeria-atribuyen-ataque-a-estado-islamico\/\"> El Universal<\/a> <\/p>\n","protected":false},"excerpt":{"rendered":"<p>Al menos 10 civiles murieron este mi\u00e9rcoles en el noreste de\u00a0Nigeria\u00a0por la\u00a0explosi\u00f3n de una mina\u00a0terrestre atribuida al grupo yihadista\u00a0Estado Isl\u00e1mico\u00a0en la Provincia de \u00c1frica Occidental (ISWAP, en ingl\u00e9s), confirmaron este jueves a EFE fuentes pr\u00f3ximas al Ej\u00e9rcito. El ataque ocurri\u00f3 en la localidad de Monguno, situada en el estado de Borno. &#8220;S\u00ed, puedo confirmar que [&hellip;]<\/p>\n","protected":false},"author":35,"featured_media":146661,"comment_status":"open","ping_status":"open","sticky":false,"template":"","format":"standard","meta":{"_monsterinsights_skip_tracking":false,"_monsterinsights_sitenote_active":false,"_monsterinsights_sitenote_note":"","_monsterinsights_sitenote_category":0,"footnotes":""},"categories":[181],"tags":[1475,7675],"class_list":["post-146657","post","type-post","status-publish","format-standard","has-post-thumbnail","hentry","category-internacional","tag-nigeria","tag-reportan","wp-image-borders"],"amp_enabled":true,"_links":{"self":[{"href":"https:\/\/nvnoticias.mx\/index.php\/wp-json\/wp\/v2\/posts\/146657","targetHints":{"allow":["GET"]}}],"collection":[{"href":"https:\/\/nvnoticias.mx\/index.php\/wp-json\/wp\/v2\/posts"}],"about":[{"href":"https:\/\/nvnoticias.mx\/index.php\/wp-json\/wp\/v2\/types\/post"}],"author":[{"embeddable":true,"href":"https:\/\/nvnoticias.mx\/index.php\/wp-json\/wp\/v2\/users\/35"}],"replies":[{"embeddable":true,"href":"https:\/\/nvnoticias.mx\/index.php\/wp-json\/wp\/v2\/comments?post=146657"}],"version-history":[{"count":3,"href":"https:\/\/nvnoticias.mx\/index.php\/wp-json\/wp\/v2\/posts\/146657\/revisions"}],"predecessor-version":[{"id":146660,"href":"https:\/\/nvnoticias.mx\/index.php\/wp-json\/wp\/v2\/posts\/146657\/revisions\/146660"}],"wp:featuredmedia":[{"embeddable":true,"href":"https:\/\/nvnoticias.mx\/index.php\/wp-json\/wp\/v2\/media\/146661"}],"wp:attachment":[{"href":"https:\/\/nvnoticias.mx\/index.php\/wp-json\/wp\/v2\/media?parent=146657"}],"wp:term":[{"taxonomy":"category","embeddable":true,"href":"https:\/\/nvnoticias.mx\/index.php\/wp-json\/wp\/v2\/categories?post=146657"},{"taxonomy":"post_tag","embeddable":true,"href":"https:\/\/nvnoticias.mx\/index.php\/wp-json\/wp\/v2\/tags?post=146657"}],"curies":[{"name":"wp","href":"https:\/\/api.w.org\/{rel}","templated":true}]}}