{"id":146641,"date":"2024-04-18T13:20:29","date_gmt":"2024-04-18T19:20:29","guid":{"rendered":"https:\/\/nvnoticias.mx\/?p=146641"},"modified":"2024-04-18T13:20:31","modified_gmt":"2024-04-18T19:20:31","slug":"amlo-reacciona-a-la-decision-del-tepjf-sobre-candidaturas-de-cabeza-de-vaca-y-ricardo-anaya","status":"publish","type":"post","link":"https:\/\/nvnoticias.mx\/index.php\/2024\/04\/18\/amlo-reacciona-a-la-decision-del-tepjf-sobre-candidaturas-de-cabeza-de-vaca-y-ricardo-anaya\/","title":{"rendered":"AMLO reacciona a la decisi\u00f3n del TEPJF sobre candidaturas de Cabeza de Vaca y Ricardo Anaya"},"content":{"rendered":"\n<p>El presidente\u00a0<strong>Andr\u00e9s Manuel L\u00f3pez Obrador\u00a0<\/strong>reaccion\u00f3 a la decisi\u00f3n del Tribunal Electoral del Poder Judicial de la Federaci\u00f3n (<strong>TEPJF<\/strong>) sobre las candidaturas de\u00a0<strong>Francisco Garc\u00eda Cabeza de Vaca\u00a0<\/strong>a una diputaci\u00f3n plurinominal y de\u00a0<strong>Ricardo Anaya<\/strong>\u00a0al Senado, tambi\u00e9n como plurinominal.<a href=\"https:\/\/www.infobae.com\/mexico\/2024\/04\/18\/cancelacion-de-candidatura-garcia-cabeza-de-vaca-ve-pistola-cargada-al-tepjf-y-golpe-a-la-democracia\/\" target=\"_blank\" rel=\"noreferrer noopener\"><\/a><\/p>\n\n\n\n<p><\/p>\n\n\n\n<p>Durante su ma\u00f1anera de este jueves, el presidente L\u00f3pez Obrador fue cuestionado sobre su opini\u00f3n respecto a ambos casos, los cuales se resolvieron en el&nbsp;<strong>Tribunal Electoral<\/strong>&nbsp;bajo ponencias de la ministra Janine Ot\u00e1lora.<\/p>\n\n\n\n<p>Sin embargo, tal y como lo ha hecho con otros temas de \u00edndole electoral, el presidente\u00a0<strong>se neg\u00f3 a responder<\/strong>\u00a0los cuestionamientos, pese a que el reportero argument\u00f3 que al menos en el caso del\u00a0exgobernador de Tamaulipas,\u00a0le fue revocada la candidatura, por lo que no ser\u00eda un tema estrictamente electoral.<\/p>\n\n\n\n<blockquote class=\"wp-block-quote is-layout-flow wp-block-quote-is-layout-flow\">\n<p>\u201cNo, nada,&nbsp;<strong>no me meto en eso<\/strong>. No porque no nos corresponde. Ya va a pasar el proceso electoral, despu\u00e9s del 2 de junio\u201d, indic\u00f3 el mandatario federal.<\/p>\n<\/blockquote>\n\n\n\n<p>Fuente: <a href=\"https:\/\/www.infobae.com\/mexico\/2024\/04\/18\/amlo-reacciona-a-la-decision-del-tepjf-sobre-candidaturas-de-cabeza-de-vaca-y-ricardo-anaya-esto-dijo\/\" data-type=\"link\" data-id=\"https:\/\/www.infobae.com\/mexico\/2024\/04\/18\/amlo-reacciona-a-la-decision-del-tepjf-sobre-candidaturas-de-cabeza-de-vaca-y-ricardo-anaya-esto-dijo\/\">Infobae<\/a> <\/p>\n","protected":false},"excerpt":{"rendered":"<p>El presidente\u00a0Andr\u00e9s Manuel L\u00f3pez Obrador\u00a0reaccion\u00f3 a la decisi\u00f3n del Tribunal Electoral del Poder Judicial de la Federaci\u00f3n (TEPJF) sobre las candidaturas de\u00a0Francisco Garc\u00eda Cabeza de Vaca\u00a0a una diputaci\u00f3n plurinominal y de\u00a0Ricardo Anaya\u00a0al Senado, tambi\u00e9n como plurinominal. Durante su ma\u00f1anera de este jueves, el presidente L\u00f3pez Obrador fue cuestionado sobre su opini\u00f3n respecto a ambos casos, [&hellip;]<\/p>\n","protected":false},"author":35,"featured_media":58369,"comment_status":"open","ping_status":"open","sticky":false,"template":"","format":"standard","meta":{"_monsterinsights_skip_tracking":false,"_monsterinsights_sitenote_active":false,"_monsterinsights_sitenote_note":"","_monsterinsights_sitenote_category":0,"footnotes":""},"categories":[158],"tags":[188,2119,162,509,1791],"class_list":["post-146641","post","type-post","status-publish","format-standard","has-post-thumbnail","hentry","category-politica","tag-amlo","tag-francisco-garcia-cabeza-de-vaca","tag-portada","tag-ricardo-anaya","tag-tepjf","wp-image-borders"],"amp_enabled":true,"_links":{"self":[{"href":"https:\/\/nvnoticias.mx\/index.php\/wp-json\/wp\/v2\/posts\/146641","targetHints":{"allow":["GET"]}}],"collection":[{"href":"https:\/\/nvnoticias.mx\/index.php\/wp-json\/wp\/v2\/posts"}],"about":[{"href":"https:\/\/nvnoticias.mx\/index.php\/wp-json\/wp\/v2\/types\/post"}],"author":[{"embeddable":true,"href":"https:\/\/nvnoticias.mx\/index.php\/wp-json\/wp\/v2\/users\/35"}],"replies":[{"embeddable":true,"href":"https:\/\/nvnoticias.mx\/index.php\/wp-json\/wp\/v2\/comments?post=146641"}],"version-history":[{"count":3,"href":"https:\/\/nvnoticias.mx\/index.php\/wp-json\/wp\/v2\/posts\/146641\/revisions"}],"predecessor-version":[{"id":146644,"href":"https:\/\/nvnoticias.mx\/index.php\/wp-json\/wp\/v2\/posts\/146641\/revisions\/146644"}],"wp:featuredmedia":[{"embeddable":true,"href":"https:\/\/nvnoticias.mx\/index.php\/wp-json\/wp\/v2\/media\/58369"}],"wp:attachment":[{"href":"https:\/\/nvnoticias.mx\/index.php\/wp-json\/wp\/v2\/media?parent=146641"}],"wp:term":[{"taxonomy":"category","embeddable":true,"href":"https:\/\/nvnoticias.mx\/index.php\/wp-json\/wp\/v2\/categories?post=146641"},{"taxonomy":"post_tag","embeddable":true,"href":"https:\/\/nvnoticias.mx\/index.php\/wp-json\/wp\/v2\/tags?post=146641"}],"curies":[{"name":"wp","href":"https:\/\/api.w.org\/{rel}","templated":true}]}}