{"id":146586,"date":"2024-04-17T16:25:13","date_gmt":"2024-04-17T22:25:13","guid":{"rendered":"https:\/\/nvnoticias.mx\/?p=146586"},"modified":"2024-04-17T16:25:18","modified_gmt":"2024-04-17T22:25:18","slug":"tumba-tribunal-electoral-candidatura-de-diputacion-de-francisco-garcia-cabeza-de-vaca","status":"publish","type":"post","link":"https:\/\/nvnoticias.mx\/index.php\/2024\/04\/17\/tumba-tribunal-electoral-candidatura-de-diputacion-de-francisco-garcia-cabeza-de-vaca\/","title":{"rendered":"Tumba Tribunal Electoral candidatura de diputaci\u00f3n de Francisco Garc\u00eda Cabeza de Vaca"},"content":{"rendered":"\n<p>La Sala Superior del Tribunal Electoral determin\u00f3\u00a0<strong>revocar la candidatura<\/strong>\u00a0como diputado federal de\u00a0<strong>Francisco Garc\u00eda Cabeza de Vaca<\/strong>, al se\u00f1alar que est\u00e1 pr\u00f3fugo de la justicia.<\/p>\n\n\n\n<p>La cancelaci\u00f3n de la candidatura fue avalada con cuatro votos a favor, con el voto en contra del magistrado Reyes Rodr\u00edguez Mondrag\u00f3n.<\/p>\n\n\n\n<p>El proyecto presentado por la magistrada Janine Ot\u00e1lora se\u00f1ala que existen\u00a0<strong>dos \u00f3rdenes de aprehensi\u00f3n<\/strong>\u00a0contra Garc\u00eda Cabeza de Vaca, sin que haya prescrito la acci\u00f3n penal, y en segundo lugar, que se ha sustra\u00eddo de la justicia para evitar la acci\u00f3n penal.<\/p>\n\n\n\n<p>Por tanto, ordena al PAN que en un plazo de 48 horas solicite la&nbsp;<strong>sustituci\u00f3n<\/strong>&nbsp;de la candidatura al Consejo General del INE<\/p>\n","protected":false},"excerpt":{"rendered":"<p>La Sala Superior del Tribunal Electoral determin\u00f3\u00a0revocar la candidatura\u00a0como diputado federal de\u00a0Francisco Garc\u00eda Cabeza de Vaca, al se\u00f1alar que est\u00e1 pr\u00f3fugo de la justicia. La cancelaci\u00f3n de la candidatura fue avalada con cuatro votos a favor, con el voto en contra del magistrado Reyes Rodr\u00edguez Mondrag\u00f3n. El proyecto presentado por la magistrada Janine Ot\u00e1lora se\u00f1ala [&hellip;]<\/p>\n","protected":false},"author":35,"featured_media":78463,"comment_status":"open","ping_status":"open","sticky":false,"template":"","format":"standard","meta":{"_monsterinsights_skip_tracking":false,"_monsterinsights_sitenote_active":false,"_monsterinsights_sitenote_note":"","_monsterinsights_sitenote_category":0,"footnotes":""},"categories":[158],"tags":[2119,162,283,14996],"class_list":["post-146586","post","type-post","status-publish","format-standard","has-post-thumbnail","hentry","category-politica","tag-francisco-garcia-cabeza-de-vaca","tag-portada","tag-tribunal-electoral","tag-tumba","wp-image-borders"],"amp_enabled":true,"_links":{"self":[{"href":"https:\/\/nvnoticias.mx\/index.php\/wp-json\/wp\/v2\/posts\/146586","targetHints":{"allow":["GET"]}}],"collection":[{"href":"https:\/\/nvnoticias.mx\/index.php\/wp-json\/wp\/v2\/posts"}],"about":[{"href":"https:\/\/nvnoticias.mx\/index.php\/wp-json\/wp\/v2\/types\/post"}],"author":[{"embeddable":true,"href":"https:\/\/nvnoticias.mx\/index.php\/wp-json\/wp\/v2\/users\/35"}],"replies":[{"embeddable":true,"href":"https:\/\/nvnoticias.mx\/index.php\/wp-json\/wp\/v2\/comments?post=146586"}],"version-history":[{"count":2,"href":"https:\/\/nvnoticias.mx\/index.php\/wp-json\/wp\/v2\/posts\/146586\/revisions"}],"predecessor-version":[{"id":146589,"href":"https:\/\/nvnoticias.mx\/index.php\/wp-json\/wp\/v2\/posts\/146586\/revisions\/146589"}],"wp:featuredmedia":[{"embeddable":true,"href":"https:\/\/nvnoticias.mx\/index.php\/wp-json\/wp\/v2\/media\/78463"}],"wp:attachment":[{"href":"https:\/\/nvnoticias.mx\/index.php\/wp-json\/wp\/v2\/media?parent=146586"}],"wp:term":[{"taxonomy":"category","embeddable":true,"href":"https:\/\/nvnoticias.mx\/index.php\/wp-json\/wp\/v2\/categories?post=146586"},{"taxonomy":"post_tag","embeddable":true,"href":"https:\/\/nvnoticias.mx\/index.php\/wp-json\/wp\/v2\/tags?post=146586"}],"curies":[{"name":"wp","href":"https:\/\/api.w.org\/{rel}","templated":true}]}}