{"id":146557,"date":"2024-04-17T12:33:15","date_gmt":"2024-04-17T18:33:15","guid":{"rendered":"https:\/\/nvnoticias.mx\/?p=146557"},"modified":"2024-04-17T12:33:17","modified_gmt":"2024-04-17T18:33:17","slug":"inseguridad-en-veracruz-un-problema-crece-ante-la-indiferencia-gubernamental","status":"publish","type":"post","link":"https:\/\/nvnoticias.mx\/index.php\/2024\/04\/17\/inseguridad-en-veracruz-un-problema-crece-ante-la-indiferencia-gubernamental\/","title":{"rendered":"Inseguridad en Veracruz: Un Problema Crece Ante la Indiferencia Gubernamental"},"content":{"rendered":"\n<p><\/p>\n\n\n\n<p><strong>Jes\u00fas Utrilla \/ NV Noticias<\/strong><\/p>\n\n\n\n<p>El candidato a la gubernatura por la coalici\u00f3n Fuerza y Coraz\u00f3n por Veracruz, Jos\u00e9 Yunes Zorilla, ha denunciado un alarmante aumento en los \u00edndices de inseguridad en el estado, acusando al gobierno de abandonar a los veracruzanos en medio de una creciente crisis de violencia.<\/p>\n\n\n\n<p>Desde el inicio del proceso electoral en Veracruz, se han registrado 17 asesinatos de personas que buscaban alg\u00fan cargo de elecci\u00f3n popular, una situaci\u00f3n que refleja la gravedad del clima de inseguridad que afecta a todos los veracruzanos. Adem\u00e1s, la desaparici\u00f3n continua de mujeres y j\u00f3venes evidencia la falta de acci\u00f3n gubernamental para abordar este problema.<\/p>\n\n\n\n<blockquote class=\"wp-block-quote is-layout-flow wp-block-quote-is-layout-flow\">\n<p>&#8220;<em>Lamentamos mucho el clima de violencia que adquiere mayor relevancia por el momento electoral que estamos viviendo. Sin embargo, si no nos damos cuenta de que el tema de seguridad est\u00e1 fuera de control, poco vamos a poder hacer<\/em>&#8220;.<\/p>\n<\/blockquote>\n\n\n\n<p>El candidato hizo un llamado a la ciudadan\u00eda para que ejerza su derecho al voto y opte por un cambio que priorice la seguridad y el desarrollo econ\u00f3mico del estado. Subray\u00f3 la necesidad de implementar estrategias efectivas para atraer inversiones y reducir los \u00edndices delictivos.<\/p>\n\n\n\n<blockquote class=\"wp-block-quote is-layout-flow wp-block-quote-is-layout-flow\">\n<p>&#8220;<em>No solo la participaci\u00f3n ciudadana en materia electoral es crucial, sino tambi\u00e9n la posibilidad de que lleguen inversiones para generar empleo. Sin seguridad, no hay condiciones para el desarrollo econ\u00f3mico<\/em>&#8220;<\/p>\n<\/blockquote>\n\n\n\n<p>Yunes Zorilla visit\u00f3 la Universidad Crist\u00f3bal Col\u00f3n en la ciudad de Veracruz para presentar sus propuestas ante alumnos y personal acad\u00e9mico, buscando generar conciencia sobre la importancia de elegir un gobierno comprometido con el bienestar y la seguridad de todos los veracruzanos.<\/p>\n","protected":false},"excerpt":{"rendered":"<p>Jes\u00fas Utrilla \/ NV Noticias El candidato a la gubernatura por la coalici\u00f3n Fuerza y Coraz\u00f3n por Veracruz, Jos\u00e9 Yunes Zorilla, ha denunciado un alarmante aumento en los \u00edndices de inseguridad en el estado, acusando al gobierno de abandonar a los veracruzanos en medio de una creciente crisis de violencia. Desde el inicio del proceso [&hellip;]<\/p>\n","protected":false},"author":8,"featured_media":146558,"comment_status":"open","ping_status":"open","sticky":false,"template":"","format":"standard","meta":{"_monsterinsights_skip_tracking":false,"_monsterinsights_sitenote_active":false,"_monsterinsights_sitenote_note":"","_monsterinsights_sitenote_category":0,"footnotes":""},"categories":[154],"tags":[347,674,180],"class_list":["post-146557","post","type-post","status-publish","format-standard","has-post-thumbnail","hentry","category-veracruz","tag-inseguridad","tag-pepe-yunes","tag-veracruz","wp-image-borders"],"amp_enabled":true,"_links":{"self":[{"href":"https:\/\/nvnoticias.mx\/index.php\/wp-json\/wp\/v2\/posts\/146557","targetHints":{"allow":["GET"]}}],"collection":[{"href":"https:\/\/nvnoticias.mx\/index.php\/wp-json\/wp\/v2\/posts"}],"about":[{"href":"https:\/\/nvnoticias.mx\/index.php\/wp-json\/wp\/v2\/types\/post"}],"author":[{"embeddable":true,"href":"https:\/\/nvnoticias.mx\/index.php\/wp-json\/wp\/v2\/users\/8"}],"replies":[{"embeddable":true,"href":"https:\/\/nvnoticias.mx\/index.php\/wp-json\/wp\/v2\/comments?post=146557"}],"version-history":[{"count":1,"href":"https:\/\/nvnoticias.mx\/index.php\/wp-json\/wp\/v2\/posts\/146557\/revisions"}],"predecessor-version":[{"id":146559,"href":"https:\/\/nvnoticias.mx\/index.php\/wp-json\/wp\/v2\/posts\/146557\/revisions\/146559"}],"wp:featuredmedia":[{"embeddable":true,"href":"https:\/\/nvnoticias.mx\/index.php\/wp-json\/wp\/v2\/media\/146558"}],"wp:attachment":[{"href":"https:\/\/nvnoticias.mx\/index.php\/wp-json\/wp\/v2\/media?parent=146557"}],"wp:term":[{"taxonomy":"category","embeddable":true,"href":"https:\/\/nvnoticias.mx\/index.php\/wp-json\/wp\/v2\/categories?post=146557"},{"taxonomy":"post_tag","embeddable":true,"href":"https:\/\/nvnoticias.mx\/index.php\/wp-json\/wp\/v2\/tags?post=146557"}],"curies":[{"name":"wp","href":"https:\/\/api.w.org\/{rel}","templated":true}]}}