{"id":146527,"date":"2024-04-17T11:36:24","date_gmt":"2024-04-17T17:36:24","guid":{"rendered":"https:\/\/nvnoticias.mx\/?p=146527"},"modified":"2024-04-17T11:36:26","modified_gmt":"2024-04-17T17:36:26","slug":"inicia-barcena-gira-por-texas-y-ciudad-juarez-para-abordar-temas-de-migracion","status":"publish","type":"post","link":"https:\/\/nvnoticias.mx\/index.php\/2024\/04\/17\/inicia-barcena-gira-por-texas-y-ciudad-juarez-para-abordar-temas-de-migracion\/","title":{"rendered":"Inicia B\u00e1rcena gira por Texas y Ciudad Ju\u00e1rez para abordar temas de migraci\u00f3n"},"content":{"rendered":"\n<p><\/p>\n\n\n\n<p><strong>Alicia B\u00e1rcen<\/strong>a, titular de la Secretar\u00eda de Relaciones Exteriores (<strong>SRE<\/strong>), inici\u00f3 este mi\u00e9rcoles 17 de abril una gira por Ciudad Ju\u00e1rez y cuatro ciudades de Texas para abordar temas de migraci\u00f3n, infraestructura fronteriza y comercio con Estados Unidos .<\/p>\n\n\n\n<p>La canciller B\u00e1rcena tambi\u00e9n tiene programadas reuniones con aliados estrat\u00e9gicos sobre las acciones que M\u00e9xico realiza respecto a la ley SB4 y otras iniciativas de leyes antiinmigrantes en Estados Unidos.<\/p>\n\n\n\n<p>Entre otras actividades, la titular de la SRE visitar\u00e1 los Consulados de El Paso, San Antonio, Eagle Pass y Laredo, adem\u00e1s de reunirse con quienes integran estas representaciones mexicanas para profundizar la estrategia de protecci\u00f3n y asistencia consular.<a href=\"https:\/\/clickserv.sitescout.com\/clk\/e3e15dd3962a9f36\/a839ddab9101497c\/66200828000e56db05e10001\/0\" target=\"_blank\" rel=\"noreferrer noopener\"><\/a><\/p>\n\n\n\n<p>En El Paso, visitar\u00e1 El Paso Healing Garden, dedicado a las personas que murieron durante el tiroteo del 3 de agosto de 2019 en esa ciudad; se reunir\u00e1 con familiares de las v\u00edctimas.<\/p>\n\n\n\n<p>Acompa\u00f1an a la canciller, Roberto Velasco \u00c1lvarez, jefe de Unidad para Am\u00e9rica del Norte; Vanessa Calva Ruiz, directora general de Protecci\u00f3n Consular y Planeaci\u00f3n Estrat\u00e9gica, y Cristina Plantea Riebeling, directora general de Asuntos Pol\u00edticos para Am\u00e9rica del Norte.<\/p>\n\n\n\n<p>Fuente: <a href=\"https:\/\/www.eluniversal.com.mx\/nacion\/canciller-barcena-inicia-gira-por-texas-y-ciudad-juarez-para-abordar-temas-de-migracion\/\" data-type=\"link\" data-id=\"https:\/\/www.eluniversal.com.mx\/nacion\/canciller-barcena-inicia-gira-por-texas-y-ciudad-juarez-para-abordar-temas-de-migracion\/\">El Universal<\/a> <\/p>\n","protected":false},"excerpt":{"rendered":"<p>Alicia B\u00e1rcena, titular de la Secretar\u00eda de Relaciones Exteriores (SRE), inici\u00f3 este mi\u00e9rcoles 17 de abril una gira por Ciudad Ju\u00e1rez y cuatro ciudades de Texas para abordar temas de migraci\u00f3n, infraestructura fronteriza y comercio con Estados Unidos . La canciller B\u00e1rcena tambi\u00e9n tiene programadas reuniones con aliados estrat\u00e9gicos sobre las acciones que M\u00e9xico realiza [&hellip;]<\/p>\n","protected":false},"author":35,"featured_media":145348,"comment_status":"open","ping_status":"open","sticky":false,"template":"","format":"standard","meta":{"_monsterinsights_skip_tracking":false,"_monsterinsights_sitenote_active":false,"_monsterinsights_sitenote_note":"","_monsterinsights_sitenote_category":0,"footnotes":""},"categories":[158],"tags":[12723,11069,682,918],"class_list":["post-146527","post","type-post","status-publish","format-standard","has-post-thumbnail","hentry","category-politica","tag-alicia-barcena","tag-ciudad-juarez","tag-migracion","tag-texas","wp-image-borders"],"amp_enabled":true,"_links":{"self":[{"href":"https:\/\/nvnoticias.mx\/index.php\/wp-json\/wp\/v2\/posts\/146527","targetHints":{"allow":["GET"]}}],"collection":[{"href":"https:\/\/nvnoticias.mx\/index.php\/wp-json\/wp\/v2\/posts"}],"about":[{"href":"https:\/\/nvnoticias.mx\/index.php\/wp-json\/wp\/v2\/types\/post"}],"author":[{"embeddable":true,"href":"https:\/\/nvnoticias.mx\/index.php\/wp-json\/wp\/v2\/users\/35"}],"replies":[{"embeddable":true,"href":"https:\/\/nvnoticias.mx\/index.php\/wp-json\/wp\/v2\/comments?post=146527"}],"version-history":[{"count":3,"href":"https:\/\/nvnoticias.mx\/index.php\/wp-json\/wp\/v2\/posts\/146527\/revisions"}],"predecessor-version":[{"id":146530,"href":"https:\/\/nvnoticias.mx\/index.php\/wp-json\/wp\/v2\/posts\/146527\/revisions\/146530"}],"wp:featuredmedia":[{"embeddable":true,"href":"https:\/\/nvnoticias.mx\/index.php\/wp-json\/wp\/v2\/media\/145348"}],"wp:attachment":[{"href":"https:\/\/nvnoticias.mx\/index.php\/wp-json\/wp\/v2\/media?parent=146527"}],"wp:term":[{"taxonomy":"category","embeddable":true,"href":"https:\/\/nvnoticias.mx\/index.php\/wp-json\/wp\/v2\/categories?post=146527"},{"taxonomy":"post_tag","embeddable":true,"href":"https:\/\/nvnoticias.mx\/index.php\/wp-json\/wp\/v2\/tags?post=146527"}],"curies":[{"name":"wp","href":"https:\/\/api.w.org\/{rel}","templated":true}]}}