{"id":146506,"date":"2024-04-17T10:07:02","date_gmt":"2024-04-17T16:07:02","guid":{"rendered":"https:\/\/nvnoticias.mx\/?p=146506"},"modified":"2024-04-17T10:07:04","modified_gmt":"2024-04-17T16:07:04","slug":"una-mentira-colectiva-que-digan-que-se-quiere-expropiar-las-pensiones-amlo","status":"publish","type":"post","link":"https:\/\/nvnoticias.mx\/index.php\/2024\/04\/17\/una-mentira-colectiva-que-digan-que-se-quiere-expropiar-las-pensiones-amlo\/","title":{"rendered":"\u201cUna mentira colectiva\u201d que digan que se quiere expropiar las pensiones: AMLO"},"content":{"rendered":"\n<p><\/p>\n\n\n\n<p>El\u00a0<strong>presidente Andr\u00e9s Manuel L\u00f3pez Obrador<\/strong>\u00a0calific\u00f3 como absurdo, mentiroso, c\u00ednico y \u201c<strong>una mentira colectiva<\/strong>\u201d que sus\u00a0<strong>adversarios<\/strong>\u00a0digan que su\u00a0<strong>gobierno<\/strong>\u00a0quiere\u00a0<strong>expropiar\u00a0<\/strong>las <strong>pensiones<\/strong>\u00a0de los trabajadores.<\/p>\n\n\n\n<blockquote class=\"wp-block-quote is-layout-flow wp-block-quote-is-layout-flow\">\n<p>\u201cNosotros no somos rateros, tenemos defectos como todos los seres humanos, pero no somos corruptos, \u00bfc\u00f3mo vamos a despojar a los trabajadores? si estamos aqu\u00ed por su apoyo, para servir al pueblo, a los m\u00e1s necesitados, a los trabajadores, a los pobres\u201d.<\/p>\n<\/blockquote>\n\n\n\n<p>En conferencia de prensa, el Jefe del Ejecutivo explic\u00f3 que la reforma que ha planteado para usar los recursos de las cuentas inactivas de las\u00a0<strong>Afores<\/strong>\u00a0de trabajadores de m\u00e1s de 70 a\u00f1os, es para resarcir las reformas en la materia de los expresidentes Ernesto Zedillo (PRI) y Felipe Calder\u00f3n, por medio de la creaci\u00f3n del\u00a0<strong>Fondo de Pensiones del Bienestar.<\/strong><\/p>\n\n\n\n<p>Rechaz\u00f3 que sea una reforma con fines electorales, pues desde enero pasado en R\u00edo Blanco, Veracruz, hizo dicho planteamiento.<\/p>\n\n\n\n<blockquote class=\"wp-block-quote is-layout-flow wp-block-quote-is-layout-flow\">\n<p>\u201cEstaba yo viendo con todo respeto, no es nada personal, ve\u00eda a Joaqu\u00edn (L\u00f3pez D\u00f3riga), vean lo que dice, no s\u00f3lo el, todos: \u00b4lo que le faltaba de expropiar al gobierno, las pensiones que 45 millones de trabajadores tienen en las afores\u00b4, eso es mentira, \u00bfCual expropiaci\u00f3n de las afores?, pero as\u00ed todos, porque mienten, no es una expropiaci\u00f3n\u201d.<\/p>\n<\/blockquote>\n\n\n\n<p>Acus\u00f3 que el enojo de sus adversarios es porque hay mucho calor por la temporada \u201cpor el asuntito\u201d (elecciones).<\/p>\n\n\n\n<p>Fuente: <a href=\"https:\/\/www.eluniversal.com.mx\/nacion\/amlo-una-mentira-colectiva-que-digan-que-se-quiere-expropiar-las-pensiones\/\" data-type=\"link\" data-id=\"https:\/\/www.eluniversal.com.mx\/nacion\/amlo-una-mentira-colectiva-que-digan-que-se-quiere-expropiar-las-pensiones\/\">El Universal<\/a> <\/p>\n","protected":false},"excerpt":{"rendered":"<p>El\u00a0presidente Andr\u00e9s Manuel L\u00f3pez Obrador\u00a0calific\u00f3 como absurdo, mentiroso, c\u00ednico y \u201cuna mentira colectiva\u201d que sus\u00a0adversarios\u00a0digan que su\u00a0gobierno\u00a0quiere\u00a0expropiar\u00a0las pensiones\u00a0de los trabajadores. \u201cNosotros no somos rateros, tenemos defectos como todos los seres humanos, pero no somos corruptos, \u00bfc\u00f3mo vamos a despojar a los trabajadores? si estamos aqu\u00ed por su apoyo, para servir al pueblo, a los m\u00e1s [&hellip;]<\/p>\n","protected":false},"author":35,"featured_media":50674,"comment_status":"open","ping_status":"open","sticky":false,"template":"","format":"standard","meta":{"_monsterinsights_skip_tracking":false,"_monsterinsights_sitenote_active":false,"_monsterinsights_sitenote_note":"","_monsterinsights_sitenote_category":0,"footnotes":""},"categories":[157],"tags":[188,2025],"class_list":["post-146506","post","type-post","status-publish","format-standard","has-post-thumbnail","hentry","category-nacional","tag-amlo","tag-pensiones","wp-image-borders"],"amp_enabled":true,"_links":{"self":[{"href":"https:\/\/nvnoticias.mx\/index.php\/wp-json\/wp\/v2\/posts\/146506","targetHints":{"allow":["GET"]}}],"collection":[{"href":"https:\/\/nvnoticias.mx\/index.php\/wp-json\/wp\/v2\/posts"}],"about":[{"href":"https:\/\/nvnoticias.mx\/index.php\/wp-json\/wp\/v2\/types\/post"}],"author":[{"embeddable":true,"href":"https:\/\/nvnoticias.mx\/index.php\/wp-json\/wp\/v2\/users\/35"}],"replies":[{"embeddable":true,"href":"https:\/\/nvnoticias.mx\/index.php\/wp-json\/wp\/v2\/comments?post=146506"}],"version-history":[{"count":3,"href":"https:\/\/nvnoticias.mx\/index.php\/wp-json\/wp\/v2\/posts\/146506\/revisions"}],"predecessor-version":[{"id":146509,"href":"https:\/\/nvnoticias.mx\/index.php\/wp-json\/wp\/v2\/posts\/146506\/revisions\/146509"}],"wp:featuredmedia":[{"embeddable":true,"href":"https:\/\/nvnoticias.mx\/index.php\/wp-json\/wp\/v2\/media\/50674"}],"wp:attachment":[{"href":"https:\/\/nvnoticias.mx\/index.php\/wp-json\/wp\/v2\/media?parent=146506"}],"wp:term":[{"taxonomy":"category","embeddable":true,"href":"https:\/\/nvnoticias.mx\/index.php\/wp-json\/wp\/v2\/categories?post=146506"},{"taxonomy":"post_tag","embeddable":true,"href":"https:\/\/nvnoticias.mx\/index.php\/wp-json\/wp\/v2\/tags?post=146506"}],"curies":[{"name":"wp","href":"https:\/\/api.w.org\/{rel}","templated":true}]}}