{"id":1465,"date":"2021-01-18T09:27:05","date_gmt":"2021-01-18T15:27:05","guid":{"rendered":"https:\/\/nvnoticias.mx\/?p=1465"},"modified":"2021-01-18T14:31:18","modified_gmt":"2021-01-18T20:31:18","slug":"afirma-lopez-obrador-que-caso-cienfuegos-no-afecta-relacion-con-eu","status":"publish","type":"post","link":"https:\/\/nvnoticias.mx\/index.php\/2021\/01\/18\/afirma-lopez-obrador-que-caso-cienfuegos-no-afecta-relacion-con-eu\/","title":{"rendered":"Afirma L\u00f3pez obrador que caso Cienfuegos no afecta relaci\u00f3n con EU"},"content":{"rendered":"\n<p>Al aseverar que hacer de conocimiento p\u00fablico expediente de Salvador Cienfuegos, ex titular de la Secretar\u00eda de la Defensa Nacional (Sedena) fue &#8220;lo correcto&#8221;, el presidente Andr\u00e9s Manuel L\u00f3pez Obrador, asegur\u00f3 que esto no afecta las relaciones con Estados Unidos, pa\u00eds donde fue detenido por supuestos nexos con el crimen organizado. <\/p>\n\n\n\n<p>Durante su conferencia de prensa matutina, L\u00f3pez Obrador se\u00f1al\u00f3 que &#8220;hay bastante comprensi\u00f3n de parte del gobierno estadunidense sobre este asunto, ellos saben que no se puede poner en entredicho la credibilidad de un gobierno, ellos no aceptar\u00edan eso y tampoco nosotros&#8221;. <\/p>\n\n\n\n<blockquote class=\"wp-block-quote is-layout-flow wp-block-quote-is-layout-flow\"><p>&#8220;No es posible que se lleve a cabo una investigaci\u00f3n con tanta irresponsabilidad, sin sustento y que nos quedemos cayados, imag\u00ednense que el gobierno de M\u00e9xico que encabezo, se quede cayado, \u00bfqu\u00e9 sucede?, pues perdemos autoridad, terminamos como encubridores ante los ojos de los mexicanos y el mundo. Al mismo tiempo no podemos nosotros fabricar delitos nosotros a nadie&#8221;, dijo el mandatario.<\/p><\/blockquote>\n\n\n<p><iframe loading=\"lazy\" width=\"560\" height=\"315\" src=\"https:\/\/www.youtube.com\/embed\/3vdK_VcS8pM\" frameborder=\"0\" allow=\"accelerometer; autoplay; clipboard-write; encrypted-media; gyroscope; picture-in-picture\" allowfullscreen><\/iframe><\/p>\n","protected":false},"excerpt":{"rendered":"<p>Al aseverar que hacer de conocimiento p\u00fablico expediente de Salvador Cienfuegos, ex titular de la Secretar\u00eda de la Defensa Nacional (Sedena) fue &#8220;lo correcto&#8221;, el presidente Andr\u00e9s Manuel L\u00f3pez Obrador, asegur\u00f3 que esto no afecta las relaciones con Estados Unidos, pa\u00eds donde fue detenido por supuestos nexos con el crimen organizado. Durante su conferencia de [&hellip;]<\/p>\n","protected":false},"author":6,"featured_media":751,"comment_status":"open","ping_status":"open","sticky":false,"template":"","format":"standard","meta":{"_monsterinsights_skip_tracking":false,"_monsterinsights_sitenote_active":false,"_monsterinsights_sitenote_note":"","_monsterinsights_sitenote_category":0,"footnotes":""},"categories":[157],"tags":[188,183,162,409],"class_list":["post-1465","post","type-post","status-publish","format-standard","has-post-thumbnail","hentry","category-nacional","tag-amlo","tag-estados-unidos","tag-portada","tag-salvador-cienfuegos","wp-image-borders"],"amp_enabled":true,"_links":{"self":[{"href":"https:\/\/nvnoticias.mx\/index.php\/wp-json\/wp\/v2\/posts\/1465","targetHints":{"allow":["GET"]}}],"collection":[{"href":"https:\/\/nvnoticias.mx\/index.php\/wp-json\/wp\/v2\/posts"}],"about":[{"href":"https:\/\/nvnoticias.mx\/index.php\/wp-json\/wp\/v2\/types\/post"}],"author":[{"embeddable":true,"href":"https:\/\/nvnoticias.mx\/index.php\/wp-json\/wp\/v2\/users\/6"}],"replies":[{"embeddable":true,"href":"https:\/\/nvnoticias.mx\/index.php\/wp-json\/wp\/v2\/comments?post=1465"}],"version-history":[{"count":2,"href":"https:\/\/nvnoticias.mx\/index.php\/wp-json\/wp\/v2\/posts\/1465\/revisions"}],"predecessor-version":[{"id":1568,"href":"https:\/\/nvnoticias.mx\/index.php\/wp-json\/wp\/v2\/posts\/1465\/revisions\/1568"}],"wp:featuredmedia":[{"embeddable":true,"href":"https:\/\/nvnoticias.mx\/index.php\/wp-json\/wp\/v2\/media\/751"}],"wp:attachment":[{"href":"https:\/\/nvnoticias.mx\/index.php\/wp-json\/wp\/v2\/media?parent=1465"}],"wp:term":[{"taxonomy":"category","embeddable":true,"href":"https:\/\/nvnoticias.mx\/index.php\/wp-json\/wp\/v2\/categories?post=1465"},{"taxonomy":"post_tag","embeddable":true,"href":"https:\/\/nvnoticias.mx\/index.php\/wp-json\/wp\/v2\/tags?post=1465"}],"curies":[{"name":"wp","href":"https:\/\/api.w.org\/{rel}","templated":true}]}}