{"id":146467,"date":"2024-04-16T17:45:44","date_gmt":"2024-04-16T23:45:44","guid":{"rendered":"https:\/\/nvnoticias.mx\/?p=146467"},"modified":"2024-04-16T17:45:46","modified_gmt":"2024-04-16T23:45:46","slug":"habra-3er-festival-del-esquite-en-veracruz","status":"publish","type":"post","link":"https:\/\/nvnoticias.mx\/index.php\/2024\/04\/16\/habra-3er-festival-del-esquite-en-veracruz\/","title":{"rendered":"Habr\u00e1 3er festival del esquite en Veracruz"},"content":{"rendered":"\n<p><\/p>\n\n\n\n<p>El pr\u00f3ximo 20 de abril se llevar\u00e1 a cabo el tercer festival del esquite en el puerto de Veracruz.<\/p>\n\n\n\n<p>A trav\u00e9s de redes sociales, el Ayuntamiento de Veracruz inform\u00f3 que el festival iniciar\u00e1 el pr\u00f3ximo s\u00e1bado a partir de las 5 de la tarde hasta las 10 de la noche.<\/p>\n\n\n\n<p>Este evento se llevar\u00e1 a cabo en la Macroplaza del Malec\u00f3n de Veracruz donde habr\u00e1 m\u00e1s de una decena de expositores.&nbsp;<\/p>\n\n\n\n<p><\/p>\n","protected":false},"excerpt":{"rendered":"<p>El pr\u00f3ximo 20 de abril se llevar\u00e1 a cabo el tercer festival del esquite en el puerto de Veracruz. A trav\u00e9s de redes sociales, el Ayuntamiento de Veracruz inform\u00f3 que el festival iniciar\u00e1 el pr\u00f3ximo s\u00e1bado a partir de las 5 de la tarde hasta las 10 de la noche. Este evento se llevar\u00e1 a [&hellip;]<\/p>\n","protected":false},"author":8,"featured_media":146468,"comment_status":"open","ping_status":"open","sticky":false,"template":"","format":"standard","meta":{"_monsterinsights_skip_tracking":false,"_monsterinsights_sitenote_active":false,"_monsterinsights_sitenote_note":"","_monsterinsights_sitenote_category":0,"footnotes":""},"categories":[154],"tags":[29881,180],"class_list":["post-146467","post","type-post","status-publish","format-standard","has-post-thumbnail","hentry","category-veracruz","tag-festival-del-esquite","tag-veracruz","wp-image-borders"],"amp_enabled":true,"_links":{"self":[{"href":"https:\/\/nvnoticias.mx\/index.php\/wp-json\/wp\/v2\/posts\/146467","targetHints":{"allow":["GET"]}}],"collection":[{"href":"https:\/\/nvnoticias.mx\/index.php\/wp-json\/wp\/v2\/posts"}],"about":[{"href":"https:\/\/nvnoticias.mx\/index.php\/wp-json\/wp\/v2\/types\/post"}],"author":[{"embeddable":true,"href":"https:\/\/nvnoticias.mx\/index.php\/wp-json\/wp\/v2\/users\/8"}],"replies":[{"embeddable":true,"href":"https:\/\/nvnoticias.mx\/index.php\/wp-json\/wp\/v2\/comments?post=146467"}],"version-history":[{"count":1,"href":"https:\/\/nvnoticias.mx\/index.php\/wp-json\/wp\/v2\/posts\/146467\/revisions"}],"predecessor-version":[{"id":146469,"href":"https:\/\/nvnoticias.mx\/index.php\/wp-json\/wp\/v2\/posts\/146467\/revisions\/146469"}],"wp:featuredmedia":[{"embeddable":true,"href":"https:\/\/nvnoticias.mx\/index.php\/wp-json\/wp\/v2\/media\/146468"}],"wp:attachment":[{"href":"https:\/\/nvnoticias.mx\/index.php\/wp-json\/wp\/v2\/media?parent=146467"}],"wp:term":[{"taxonomy":"category","embeddable":true,"href":"https:\/\/nvnoticias.mx\/index.php\/wp-json\/wp\/v2\/categories?post=146467"},{"taxonomy":"post_tag","embeddable":true,"href":"https:\/\/nvnoticias.mx\/index.php\/wp-json\/wp\/v2\/tags?post=146467"}],"curies":[{"name":"wp","href":"https:\/\/api.w.org\/{rel}","templated":true}]}}