{"id":146456,"date":"2024-04-16T16:18:54","date_gmt":"2024-04-16T22:18:54","guid":{"rendered":"https:\/\/nvnoticias.mx\/?p=146456"},"modified":"2024-04-16T16:18:55","modified_gmt":"2024-04-16T22:18:55","slug":"morena-y-el-prian-no-son-opcion-ambos-le-fallaron-a-los-veracruzanos-polo-deschamps","status":"publish","type":"post","link":"https:\/\/nvnoticias.mx\/index.php\/2024\/04\/16\/morena-y-el-prian-no-son-opcion-ambos-le-fallaron-a-los-veracruzanos-polo-deschamps\/","title":{"rendered":"Morena y el PRIAN no son opci\u00f3n, ambos le fallaron a los veracruzanos: Polo Deschamps"},"content":{"rendered":"\n<p>Polo Deschamps, candidato de Movimiento Ciudadano a gobernador de Veracruz dej\u00f3 muy en claro que para los Veracruzanos el PRIAN y Morena ya no son opci\u00f3n de gobierno, pues los dos les han fallado.<\/p>\n\n\n\n<p>\u201cNo hay opciones ya en los otros dos partidos o ideolog\u00edas pol\u00edticas, los dos ya le fallaron a M\u00e9xico, los dos, ojo con lo que voy a decir, los dos son los creadores de los 5 millones de pobres en el estado de Veracruz, y me explico; la candidata de Cuitl\u00e1huac ya ha tenido 6 a\u00f1os para gobernar y no nada m\u00e1s el estado, a nivel nacional, mayor\u00eda en la c\u00e1mara de diputados, tambi\u00e9n tienen el senado, el congreso, el local tambi\u00e9n lo tienen completito, y siguen creando m\u00e1s pobres\u201d, explic\u00f3.<\/p>\n\n\n\n<p>Polo Deschamps abund\u00f3 que ambas opciones partidistas siguen generando crisis econ\u00f3mica. Reiter\u00f3 que el candidato del PRI y hoy tambi\u00e9n del PAN, tiene tiempo en funciones p\u00fablicas y ahora resulta que tiene la \u201cvarita m\u00e1gica\u201d en sus manos para mejorar al estado.<\/p>\n\n\n\n<p>\u201cComo lo ha dicho Dante en varias ocasiones, dicen tener la varita m\u00e1gica para resolver los problemas, no hay que creerles a ellos, no lo han logrado, no lo hicieron; inclusive, yo no he visto propuestas para atacar la crisis econ\u00f3mica de parte de ninguno de los dos candidatos\u201d, es por ello que Polo Deschamps exhort\u00f3 a los indecisos a que participen para poder sacar adelante el estado con candidatos que s\u00ed saben lo que hay que hacer.<\/p>\n\n\n\n<p>Polo Deschamps y otros candidatos de Movimiento Ciudadano visitaron la Universidad de Sotavento, Campus Orizaba, en donde participaron en un Foro con estudiantes de dicha casa de estudios y en el que intercambiaron puntos de vista.<\/p>\n","protected":false},"excerpt":{"rendered":"<p>Polo Deschamps, candidato de Movimiento Ciudadano a gobernador de Veracruz dej\u00f3 muy en claro que para los Veracruzanos el PRIAN y Morena ya no son opci\u00f3n de gobierno, pues los dos les han fallado. \u201cNo hay opciones ya en los otros dos partidos o ideolog\u00edas pol\u00edticas, los dos ya le fallaron a M\u00e9xico, los dos, [&hellip;]<\/p>\n","protected":false},"author":35,"featured_media":146457,"comment_status":"open","ping_status":"open","sticky":false,"template":"","format":"standard","meta":{"_monsterinsights_skip_tracking":false,"_monsterinsights_sitenote_active":false,"_monsterinsights_sitenote_note":"","_monsterinsights_sitenote_category":0,"footnotes":""},"categories":[156],"tags":[284,29683,208],"class_list":["post-146456","post","type-post","status-publish","format-standard","has-post-thumbnail","hentry","category-estado","tag-pan","tag-polo-deschamps","tag-pri","wp-image-borders"],"amp_enabled":true,"_links":{"self":[{"href":"https:\/\/nvnoticias.mx\/index.php\/wp-json\/wp\/v2\/posts\/146456","targetHints":{"allow":["GET"]}}],"collection":[{"href":"https:\/\/nvnoticias.mx\/index.php\/wp-json\/wp\/v2\/posts"}],"about":[{"href":"https:\/\/nvnoticias.mx\/index.php\/wp-json\/wp\/v2\/types\/post"}],"author":[{"embeddable":true,"href":"https:\/\/nvnoticias.mx\/index.php\/wp-json\/wp\/v2\/users\/35"}],"replies":[{"embeddable":true,"href":"https:\/\/nvnoticias.mx\/index.php\/wp-json\/wp\/v2\/comments?post=146456"}],"version-history":[{"count":1,"href":"https:\/\/nvnoticias.mx\/index.php\/wp-json\/wp\/v2\/posts\/146456\/revisions"}],"predecessor-version":[{"id":146458,"href":"https:\/\/nvnoticias.mx\/index.php\/wp-json\/wp\/v2\/posts\/146456\/revisions\/146458"}],"wp:featuredmedia":[{"embeddable":true,"href":"https:\/\/nvnoticias.mx\/index.php\/wp-json\/wp\/v2\/media\/146457"}],"wp:attachment":[{"href":"https:\/\/nvnoticias.mx\/index.php\/wp-json\/wp\/v2\/media?parent=146456"}],"wp:term":[{"taxonomy":"category","embeddable":true,"href":"https:\/\/nvnoticias.mx\/index.php\/wp-json\/wp\/v2\/categories?post=146456"},{"taxonomy":"post_tag","embeddable":true,"href":"https:\/\/nvnoticias.mx\/index.php\/wp-json\/wp\/v2\/tags?post=146456"}],"curies":[{"name":"wp","href":"https:\/\/api.w.org\/{rel}","templated":true}]}}