{"id":14630,"date":"2021-05-29T12:46:51","date_gmt":"2021-05-29T17:46:51","guid":{"rendered":"https:\/\/nvnoticias.mx\/?p=14630"},"modified":"2021-05-29T12:46:53","modified_gmt":"2021-05-29T17:46:53","slug":"los-89","status":"publish","type":"post","link":"https:\/\/nvnoticias.mx\/index.php\/2021\/05\/29\/los-89\/","title":{"rendered":"Los 89"},"content":{"rendered":"\n<p>Van&nbsp;<strong>89 candidatos asesinados&nbsp;<\/strong>en el periodo comprendido entre septiembre del 2020 y ayer, 28 de mayo, incluyendo ya en esta cifra la muerte de<strong>&nbsp;Cipriano Villanueva<\/strong>, candidato del partido&nbsp;<strong>Chiapas Unido<\/strong>, en Acapetahua, Chis, ultimado ayer.<\/p>\n\n\n\n<p>De esta cifra, tan solo 35 candidatos han sido ejecutados en estas \u00faltimas semanas de campa\u00f1a electoral, adem\u00e1s de m\u00faltiples agresiones a otros candidatos que por fortuna no tuvieron un fatal desenlace.<br>Mientras tanto, el presidente<strong>&nbsp;L\u00f3pez Obrador<\/strong>, en su ma\u00f1anera de ayer viernes acus\u00f3 de amarillismo a los medios de comunicaci\u00f3n por informar de ello a la sociedad y antes, ya hab\u00eda minimizado estos lamentables hechos justificando que es normal en el contexto electoral.<\/p>\n\n\n\n<p>Sin embargo, quiz\u00e1 la lectura no es correcta, pues reconociendo que es lamentable y muy sensible la p\u00e9rdida de vidas humanas, lo que esto significa para el futuro del pa\u00eds es de alt\u00edsimo riesgo.<\/p>\n\n\n\n<p>La pregunta inevitable es \u00bfcu\u00e1ntos candidatos sobrevivieron en este periodo electoral a las amenazas, chantajes y hasta secuestros realizados por el&nbsp;<strong>crimen organizado&nbsp;<\/strong>y terminaron negociando su subordinaci\u00f3n?<\/p>\n\n\n\n<p>Esto significa haberse doblegado y aceptado sus condiciones, lo cual augura una alta posibilidad de municipios donde el jefe de plaza del c\u00e1rtel dominante en la zona dar\u00e1 \u00f3rdenes al alcalde leg\u00edtimo y sin que sepamos, la polic\u00eda estar\u00e1 compuesta por sicarios o polic\u00edas a su servicio, para actuar con total impunidad en ese territorio. Adem\u00e1s, seguramente este sujeto tendr\u00e1 acceso a las finanzas del ayuntamiento y la obra p\u00fablica ser\u00e1 desarrollada por las empresas propias del crimen organizado.<\/p>\n\n\n\n<p>Esto significa que en total opacidad la delincuencia organizada tendr\u00e1 el control de la vida cotidiana de muchos municipios, incluso el control del tr\u00e1nsito, el cual est\u00e1 garantizado por nuestra&nbsp;<strong>Constituci\u00f3n<\/strong>, pero que en algunas zonas del pa\u00eds podr\u00eda ser cooptado por la delincuencia organizada, como ya sucede en algunos caminos de Michoac\u00e1n, como por ejemplo&nbsp;<strong>Aguililla<\/strong>, donde la autoridad no ha logrado restablecer el orden.<\/p>\n\n\n\n<p>A final de cuentas el dominio pol\u00edtico territorial se ejerce desde el modelo municipal, que es donde reside el control local.<\/p>\n\n\n\n<p>Esta simplista visi\u00f3n representar\u00eda llegar al tan temido escenario del \u201cnarcoestado\u201d, del cual su simple menci\u00f3n enfurece a los funcionarios p\u00fablicos que est\u00e1n en el poder y atemoriza al ciudadano que se siente indefenso.<br>Definitivamente el Estado Mexicano tiene los recursos econ\u00f3micos, tecnol\u00f3gicos y humanos para garantizar la seguridad de todos los ciudadanos y sus familias, por lo menos en lo relativo a las agresiones del crimen organizado.<\/p>\n\n\n\n<p>Sin embargo, el desinter\u00e9s y la falta de concentraci\u00f3n en este problema est\u00e1n generando un riesgo para la seguridad nacional. Es evidente que el inter\u00e9s presidencial se focaliza en lo relativo al control pol\u00edtico y al control de la agenda p\u00fablica, sin tomar en cuenta el grave riesgo de gobernabilidad que representa la posibilidad de que un importante n\u00famero de ayuntamientos est\u00e9n bajo el control del crimen organizado.<\/p>\n\n\n\n<p>Desde siempre, en los gobiernos anteriores, pero tambi\u00e9n en este, ha existido una actitud irresponsable, pues no se asignan para la resoluci\u00f3n de este problema ni los recursos econ\u00f3micos, ni humanos necesarios, pues se tienen otras prioridades altamente costosas, pero de alta rentabilidad pol\u00edtica.<\/p>\n\n\n\n<p>Si a esto a\u00f1adimos una distorsionada idea del concepto autoridad, al cual nuestro presidente confunde con represi\u00f3n, terminamos de crear un circulo vicioso que compromete la&nbsp;<strong>paz social.<\/strong><\/p>\n\n\n\n<p>Parece que nuestro presidente no tiene conciencia de que los graves problemas de inseguridad de hoy, bajo la presi\u00f3n del crimen organizado, m\u00e1s los cambios en estilo de vida derivados de las<strong>&nbsp;redes sociales<\/strong>, genera un nuevo contexto pol\u00edtico.<\/p>\n\n\n\n<p>Los arcaicos paradigmas ideol\u00f3gicos de la lucha de clases y las viejas pr\u00e1cticas pol\u00edticas, como las que caracterizaron a los reg\u00edmenes de<strong>&nbsp;Fidel Castro<\/strong>,&nbsp;<strong>Hugo Ch\u00e1vez<\/strong>&nbsp;y otros dictadores latinoamericanos, incluso de derecha como&nbsp;<strong>Pinochet<\/strong>, hoy no son viables.<\/p>\n\n\n\n<p>Dividir a la sociedad para controlarla, como dicen los viejos manuales de capacitaci\u00f3n pol\u00edtica de los trasnochados ide\u00f3logos socialistas, abre la puerta, como hoy estamos viendo, a la irrupci\u00f3n del crimen organizado, que toma\u00a0<strong>control pol\u00edtico<\/strong>\u00a0de territorios poco vigilados y ayuntamientos peque\u00f1os y vulnerables, que sumados podr\u00edan constituir para la federaci\u00f3n una p\u00e9rdida territorial considerable y un grave problema de seguridad nacional.<\/p>\n\n\n\n<p><strong>POSDATA<\/strong><\/p>\n\n\n\n<p>Qu\u00e9 verg\u00fcenza que Mario Delgado, presidente de MORENA, quien circulaba en\u00a0<strong>Tamaulipas\u00a0<\/strong>en una ostentosa y lujosa camioneta blanca, como la que siempre han utilizado los pol\u00edticos de antes as\u00ed como los de ahora, haya creado un montaje teatral para agredir al gobierno del Estado de Tamaulipas, denunciando por sus redes sociales que fue interceptado por un comando, que amenazando con armas largas, pretend\u00eda hacerlos descender.<br>Tan burdo fue el montaje que dos horas despu\u00e9s era desmentido con fotograf\u00edas.<\/p>\n\n\n\n<p>Obviamente<strong>&nbsp;Mario Delgado<\/strong>, desmemoriado como es, parece olvidar que armas largas significa delincuencia organizada y este es un delito federal, responsabilidad del gobierno de la 4T y no del gobierno estatal.<\/p>\n\n\n\n<p>\u00bfA usted qu\u00e9 le parece?<\/p>\n\n\n\n<p class=\"has-text-align-right\"><em>Facebook: @Ricardo.Homs1<br>Twitter: @homsricardo<br>Linkedin: Ricardo Homs<br>Instagram: @ricardo.homs<br><a href=\"http:\/\/www.ricardohoms.co\/\">www.ricardohoms.co<\/a><\/em><\/p>\n","protected":false},"excerpt":{"rendered":"<p>Van&nbsp;89 candidatos asesinados&nbsp;en el periodo comprendido entre septiembre del 2020 y ayer, 28 de mayo, incluyendo ya en esta cifra la muerte de&nbsp;Cipriano Villanueva, candidato del partido&nbsp;Chiapas Unido, en Acapetahua, Chis, ultimado ayer. De esta cifra, tan solo 35 candidatos han sido ejecutados en estas \u00faltimas semanas de campa\u00f1a electoral, adem\u00e1s de m\u00faltiples agresiones a [&hellip;]<\/p>\n","protected":false},"author":18,"featured_media":4721,"comment_status":"open","ping_status":"open","sticky":false,"template":"","format":"standard","meta":{"_monsterinsights_skip_tracking":false,"_monsterinsights_sitenote_active":false,"_monsterinsights_sitenote_note":"","_monsterinsights_sitenote_category":0,"footnotes":""},"categories":[246],"tags":[173],"class_list":["post-14630","post","type-post","status-publish","format-standard","has-post-thumbnail","hentry","category-ricardo-homs","tag-ricardo-homs","wp-image-borders"],"amp_enabled":true,"_links":{"self":[{"href":"https:\/\/nvnoticias.mx\/index.php\/wp-json\/wp\/v2\/posts\/14630","targetHints":{"allow":["GET"]}}],"collection":[{"href":"https:\/\/nvnoticias.mx\/index.php\/wp-json\/wp\/v2\/posts"}],"about":[{"href":"https:\/\/nvnoticias.mx\/index.php\/wp-json\/wp\/v2\/types\/post"}],"author":[{"embeddable":true,"href":"https:\/\/nvnoticias.mx\/index.php\/wp-json\/wp\/v2\/users\/18"}],"replies":[{"embeddable":true,"href":"https:\/\/nvnoticias.mx\/index.php\/wp-json\/wp\/v2\/comments?post=14630"}],"version-history":[{"count":1,"href":"https:\/\/nvnoticias.mx\/index.php\/wp-json\/wp\/v2\/posts\/14630\/revisions"}],"predecessor-version":[{"id":14631,"href":"https:\/\/nvnoticias.mx\/index.php\/wp-json\/wp\/v2\/posts\/14630\/revisions\/14631"}],"wp:featuredmedia":[{"embeddable":true,"href":"https:\/\/nvnoticias.mx\/index.php\/wp-json\/wp\/v2\/media\/4721"}],"wp:attachment":[{"href":"https:\/\/nvnoticias.mx\/index.php\/wp-json\/wp\/v2\/media?parent=14630"}],"wp:term":[{"taxonomy":"category","embeddable":true,"href":"https:\/\/nvnoticias.mx\/index.php\/wp-json\/wp\/v2\/categories?post=14630"},{"taxonomy":"post_tag","embeddable":true,"href":"https:\/\/nvnoticias.mx\/index.php\/wp-json\/wp\/v2\/tags?post=14630"}],"curies":[{"name":"wp","href":"https:\/\/api.w.org\/{rel}","templated":true}]}}