{"id":146218,"date":"2024-04-15T08:11:08","date_gmt":"2024-04-15T14:11:08","guid":{"rendered":"https:\/\/nvnoticias.mx\/?p=146218"},"modified":"2024-04-15T08:11:10","modified_gmt":"2024-04-15T14:11:10","slug":"las-evidencias-y-las-narrativas-sobre-el-caso-de-la-incursion-armada-en-la-embajada-mexicana-en-ecuador","status":"publish","type":"post","link":"https:\/\/nvnoticias.mx\/index.php\/2024\/04\/15\/las-evidencias-y-las-narrativas-sobre-el-caso-de-la-incursion-armada-en-la-embajada-mexicana-en-ecuador\/","title":{"rendered":"Las evidencias y las narrativas sobre el caso de la incursi\u00f3n armada en la embajada mexicana en Ecuador"},"content":{"rendered":"\n<p><strong>Edgard Gonz\u00e1lez Su\u00e1rez<\/strong><\/p>\n\n\n\n<p>\u201cNo solo hay relatos del mundo, sino aquellos que hacen el mundo; de hecho, nuestra vida esta tejida de relatos: a diario narramos y nos narramos el mundo. Nuestra memoria e inter\u00e9s nos llevan a operar una incesante selecci\u00f3n de incidentes a partir de nuestra vida, de la vida de los otros, del mundo que nos hemos ido narrando\u201d. As\u00ed lo se\u00f1ala la Dra. Luz Aurora Pimentel, en su famoso texto, el relato en perspectiva. No hay un espacio m\u00e1s claro y quiz\u00e1 m\u00e1s n\u00edtido donde las narrativas juegan un papel determinante para seguir el curso y el ritmo de los sucesos que en el drama jur\u00eddico y\/o judicial.<\/p>\n\n\n\n<p>En este subsistema social -el judicial- se enfrentan dos mecanismos vitales para determinar las decisiones que se toman al respecto, por un lado, las pruebas f\u00edsicas, las evidencias y, por otro lado, las narrativas tanto de la defensa como de la acusaci\u00f3n para \u201cacomodar\u201d los hechos y los argumentos e intentar \u201cconvencer\u201d a un tribunal, o a un juez, de la inocencia o culpabilidad de los responsables de determinados hechos y hechos que exigen una sentencia jur\u00eddica.<\/p>\n\n\n\n<p>Y esto, por supuesto que no es nuevo, ni es espont\u00e1neo, el sistema jur\u00eddico en los pa\u00edses occidentales se basa precisamente en el enfrentamiento de estas dos columnas: las evidencias -las pruebas- y las narrativas de la acusaci\u00f3n y la defensa.<\/p>\n\n\n\n<p>Hace ya m\u00e1s de 50 a\u00f1os, se llev\u00f3 el tema a la pantalla y al teatro, en aquella famosa pel\u00edcula llamada \u201cTwelve Angry Men\u201d, Doce hombres enojados, Doce hombres en pugna o doce hombres sin piedad, como se le lleg\u00f3 a conocer en espa\u00f1ol.<\/p>\n\n\n\n<p>La historia en breve trata de las deliberaciones que tiene un jurado -integrado por 12 ciudadanos- al tener que discutir una acusaci\u00f3n de asesinato.<\/p>\n\n\n\n<p>Donde si bien los hechos y las evidencias que presenta la fiscal\u00eda parecen claras y n\u00edtidas desde el principio, las dudas, los razonamientos l\u00f3gicos, las perspectivas interpretativas de cada uno de los participantes, van generando una idea contraria. Y de tener, desde el inicio, la certeza de la culpabilidad, y expresarse en una mayor\u00eda de 11 votos a favor de la culpabilidad y 1 que no estaba del todo convencido, la deliberaci\u00f3n y la narrativa va descontando votos a favor de la culpabilidad, hasta generar una resoluci\u00f3n en contrario, es decir, inocente.<\/p>\n\n\n\n<p>Y como en toda litis, el mecanismo judicial exige, pruebas, evidencias y una narrativa veros\u00edmil, cre\u00edble que se soporte sobre las pruebas, los hechos irrefutables para dejar sin dudas y dar paso a una sentencia de culpabilidad.<\/p>\n\n\n\n<p>Pues en el caso de la invasi\u00f3n a la embajada mexicana en el Ecuador y el secuestro del expresidente Jorge Glas, es decir, la incursi\u00f3n armada y la detenci\u00f3n arbitraria del expresidente dentro de las instalaciones de la embajada. Tiene por supuesto, faltaba m\u00e1s, dos narrativas encontradas. No obstante, cabe decir, que la narrativa ecuatoriana no es veros\u00edmil, es decir, similar a la verdad, cre\u00edble, aceptable, admisible. En otras palabras, en la reuni\u00f3n extraordinaria del pasado mi\u00e9rcoles, de la Organizaci\u00f3n de Estados Americanos (OEA), Ecuador no ha convencido a nadie, a nadie, s\u00f3lo mereci\u00f3 la abstenci\u00f3n de El Salvador, y por supuesto, el voto en contra del mismo Ecuador. El debate se centro en lo m\u00e1s importante y trascendente para la comunidad y el derecho internacional: La invasi\u00f3n armada de las fuerzas policiacas y militares de Ecuador a la embajada mexicana en Quito.<\/p>\n\n\n\n<p>La derecha internacional (para algunos, promotora de la invasi\u00f3n a la embajada) tuvo que replegarse ante dos cosas: La narrativa jur\u00eddica del Gobierno Mexicano y las pruebas y evidencias (audios y videos de la embajada mexicana) que fueron mostradas internacionalmente y dejaron en la orfandad pol\u00edtica al gobierno de Daniel Novoa.<\/p>\n\n\n\n<p>Consolidado el estatus de v\u00edctima de la delegaci\u00f3n mexicana en los foros internacionales, dio pasos a sendas denuncias de la Canciller\u00eda Mexicana en la ONU, \u201c\u2026se hace de conformidad con el procedimiento establecido por la resoluci\u00f3n 77\/108 de la Asamblea General de la ONU, prevista para denunciar hechos como los ocurridos el 5 de abril en Quito, Ecuador&#8221; y, en la Corte Internacional de Justicia de la Haya, d\u00f3nde pide la suspensi\u00f3n del pa\u00eds agresor como estado miembro de la ONU.<\/p>\n\n\n\n<p>En todas las instancias jurisdiccionales, el gobierno mexicano ha demolido la resistencia narrativa de la derecha ecuatoriana, qu\u00e9 con una narrativa incre\u00edble, inveros\u00edmil, y con todas las pruebas y evidencias en su contra parece ir directo al aislamiento.<\/p>\n\n\n\n<p>La propia Corte Nacional de Justicia del Ecuador, la tarde del viernes y ma\u00f1ana del s\u00e1bado 13 de abril, reconoci\u00f3 que la detenci\u00f3n de Jorge Glas fue \u201cilegal y arbitraria\u201d al invadir la sede mexicana en quito, sin embargo, a\u00fan no es puesto en libertad por tener, seg\u00fan sus captores, otras causas que ameritan su detenci\u00f3n.<\/p>\n\n\n\n<p>La confrontaci\u00f3n entre narrativas y evidencias sigue, y se espera que las denuncias de M\u00e9xico en los organismos internacionales, dejen -en las pr\u00f3ximos d\u00edas- una gran experiencia al Ecuador y a la Comunidad internacional.<\/p>\n","protected":false},"excerpt":{"rendered":"<p>Edgard Gonz\u00e1lez Su\u00e1rez \u201cNo solo hay relatos del mundo, sino aquellos que hacen el mundo; de hecho, nuestra vida esta tejida de relatos: a diario narramos y nos narramos el mundo. Nuestra memoria e inter\u00e9s nos llevan a operar una incesante selecci\u00f3n de incidentes a partir de nuestra vida, de la vida de los otros, [&hellip;]<\/p>\n","protected":false},"author":26,"featured_media":145361,"comment_status":"open","ping_status":"open","sticky":false,"template":"","format":"standard","meta":{"_monsterinsights_skip_tracking":false,"_monsterinsights_sitenote_active":false,"_monsterinsights_sitenote_note":"","_monsterinsights_sitenote_category":0,"footnotes":""},"categories":[242],"tags":[702],"class_list":["post-146218","post","type-post","status-publish","format-standard","has-post-thumbnail","hentry","category-macroscopio","tag-edgard-gonzalez-suarez","wp-image-borders"],"amp_enabled":true,"_links":{"self":[{"href":"https:\/\/nvnoticias.mx\/index.php\/wp-json\/wp\/v2\/posts\/146218","targetHints":{"allow":["GET"]}}],"collection":[{"href":"https:\/\/nvnoticias.mx\/index.php\/wp-json\/wp\/v2\/posts"}],"about":[{"href":"https:\/\/nvnoticias.mx\/index.php\/wp-json\/wp\/v2\/types\/post"}],"author":[{"embeddable":true,"href":"https:\/\/nvnoticias.mx\/index.php\/wp-json\/wp\/v2\/users\/26"}],"replies":[{"embeddable":true,"href":"https:\/\/nvnoticias.mx\/index.php\/wp-json\/wp\/v2\/comments?post=146218"}],"version-history":[{"count":1,"href":"https:\/\/nvnoticias.mx\/index.php\/wp-json\/wp\/v2\/posts\/146218\/revisions"}],"predecessor-version":[{"id":146221,"href":"https:\/\/nvnoticias.mx\/index.php\/wp-json\/wp\/v2\/posts\/146218\/revisions\/146221"}],"wp:featuredmedia":[{"embeddable":true,"href":"https:\/\/nvnoticias.mx\/index.php\/wp-json\/wp\/v2\/media\/145361"}],"wp:attachment":[{"href":"https:\/\/nvnoticias.mx\/index.php\/wp-json\/wp\/v2\/media?parent=146218"}],"wp:term":[{"taxonomy":"category","embeddable":true,"href":"https:\/\/nvnoticias.mx\/index.php\/wp-json\/wp\/v2\/categories?post=146218"},{"taxonomy":"post_tag","embeddable":true,"href":"https:\/\/nvnoticias.mx\/index.php\/wp-json\/wp\/v2\/tags?post=146218"}],"curies":[{"name":"wp","href":"https:\/\/api.w.org\/{rel}","templated":true}]}}