{"id":146010,"date":"2024-04-12T11:51:39","date_gmt":"2024-04-12T17:51:39","guid":{"rendered":"https:\/\/nvnoticias.mx\/?p=146010"},"modified":"2024-04-12T11:51:40","modified_gmt":"2024-04-12T17:51:40","slug":"lanza-criver-campana-a-favor-de-pacientes-a-traves-de-la-venta-de-cafe","status":"publish","type":"post","link":"https:\/\/nvnoticias.mx\/index.php\/2024\/04\/12\/lanza-criver-campana-a-favor-de-pacientes-a-traves-de-la-venta-de-cafe\/","title":{"rendered":"Lanza CRIVER campa\u00f1a a favor de pacientes a trav\u00e9s de la venta de caf\u00e9\u00a0"},"content":{"rendered":"\n<p><strong>Jes\u00fas Utrilla \/ NV Noticias<\/strong><\/p>\n\n\n\n<p>El Cetro de Rehabilitaci\u00f3n Infantil de Veracruz (CRIVER) puso en marcha una campa\u00f1a de acopio de recursos destinados a mejorar la atenci\u00f3n de los pacientes.<\/p>\n\n\n\n<p>El presidente del patronato del CRIVER, Enrique Ch\u00e1zaro Mabarak, dijo que esta iniciativa busca no solo recaudar fondos, sino tambi\u00e9n concienciar a la comunidad sobre la importante labor que realiza esta instituci\u00f3n.<\/p>\n\n\n\n<p>Con motivo del vig\u00e9simo aniversario del CRIVER, Ch\u00e1zaro Mabarak anunci\u00f3 el inicio de una serie de festejos orientados a dar a conocer el trabajo que llevan a cabo para brindar rehabilitaci\u00f3n y atenci\u00f3n m\u00e9dica a miles de ni\u00f1os.<\/p>\n\n\n\n<p>La campa\u00f1a, que se lleva a cabo en Plaza de la Soberan\u00eda, ubicada en el bulervar Manuel \u00c1vila Camacho casi esquina Bol\u00edvar, estar\u00e1 vigente durante los d\u00edas viernes y s\u00e1bado de 9 de la ma\u00f1ana a 6:30 de la tarde. Se centra en la venta de caf\u00e9, con la totalidad de los ingresos destinados directamente al CRIVER.&nbsp;<\/p>\n\n\n\n<p>Este a\u00f1o, el enfoque ser\u00e1 fortalecer el \u00e1rea de atenci\u00f3n a ni\u00f1os con autismo, en respuesta al creciente n\u00famero de casos que requieren asistencia especializada. <\/p>\n\n\n\n<p>Con m\u00e1s de 10 mil consultas y terapias mensuales, el CRIVER se enfrenta a una demanda constante, por lo que se hace imperativo ampliar la capacitaci\u00f3n y los recursos m\u00e9dicos disponibles.<\/p>\n\n\n\n<p>Ch\u00e1zaro Mabarak agradeci\u00f3 el apoyo del Grab Caf\u00e9 de la Parroquia de Veracruz y la familia Fern\u00e1ndez por sumarse a esta noble causa, e hizo un llamado a otras empresas veracruzanas a unirse al esfuerzo conjunto para seguir brindando apoyo a los ni\u00f1os que tanto lo necesitan. <\/p>\n\n\n\n<p>Reconoci\u00f3 que, si bien las necesidades m\u00e9dicas son inagotables, mediante la suma de esfuerzos es posible marcar una diferencia significativa en la vida de aquellos que requieren rehabilitaci\u00f3n.<\/p>\n\n\n\n<p>Esta campa\u00f1a no solo representa una oportunidad para ayudar a los m\u00e1s necesitados, sino tambi\u00e9n un recordatorio del poder transformador que tiene la solidaridad cuando se une a una causa noble.<\/p>\n","protected":false},"excerpt":{"rendered":"<p>Jes\u00fas Utrilla \/ NV Noticias El Cetro de Rehabilitaci\u00f3n Infantil de Veracruz (CRIVER) puso en marcha una campa\u00f1a de acopio de recursos destinados a mejorar la atenci\u00f3n de los pacientes. El presidente del patronato del CRIVER, Enrique Ch\u00e1zaro Mabarak, dijo que esta iniciativa busca no solo recaudar fondos, sino tambi\u00e9n concienciar a la comunidad sobre [&hellip;]<\/p>\n","protected":false},"author":8,"featured_media":146014,"comment_status":"open","ping_status":"open","sticky":false,"template":"","format":"standard","meta":{"_monsterinsights_skip_tracking":false,"_monsterinsights_sitenote_active":false,"_monsterinsights_sitenote_note":"","_monsterinsights_sitenote_category":0,"footnotes":""},"categories":[154],"tags":[6234,7883,2730],"class_list":["post-146010","post","type-post","status-publish","format-standard","has-post-thumbnail","hentry","category-veracruz","tag-cafe","tag-criver","tag-venta","wp-image-borders"],"amp_enabled":true,"_links":{"self":[{"href":"https:\/\/nvnoticias.mx\/index.php\/wp-json\/wp\/v2\/posts\/146010","targetHints":{"allow":["GET"]}}],"collection":[{"href":"https:\/\/nvnoticias.mx\/index.php\/wp-json\/wp\/v2\/posts"}],"about":[{"href":"https:\/\/nvnoticias.mx\/index.php\/wp-json\/wp\/v2\/types\/post"}],"author":[{"embeddable":true,"href":"https:\/\/nvnoticias.mx\/index.php\/wp-json\/wp\/v2\/users\/8"}],"replies":[{"embeddable":true,"href":"https:\/\/nvnoticias.mx\/index.php\/wp-json\/wp\/v2\/comments?post=146010"}],"version-history":[{"count":1,"href":"https:\/\/nvnoticias.mx\/index.php\/wp-json\/wp\/v2\/posts\/146010\/revisions"}],"predecessor-version":[{"id":146015,"href":"https:\/\/nvnoticias.mx\/index.php\/wp-json\/wp\/v2\/posts\/146010\/revisions\/146015"}],"wp:featuredmedia":[{"embeddable":true,"href":"https:\/\/nvnoticias.mx\/index.php\/wp-json\/wp\/v2\/media\/146014"}],"wp:attachment":[{"href":"https:\/\/nvnoticias.mx\/index.php\/wp-json\/wp\/v2\/media?parent=146010"}],"wp:term":[{"taxonomy":"category","embeddable":true,"href":"https:\/\/nvnoticias.mx\/index.php\/wp-json\/wp\/v2\/categories?post=146010"},{"taxonomy":"post_tag","embeddable":true,"href":"https:\/\/nvnoticias.mx\/index.php\/wp-json\/wp\/v2\/tags?post=146010"}],"curies":[{"name":"wp","href":"https:\/\/api.w.org\/{rel}","templated":true}]}}