{"id":146006,"date":"2024-04-12T11:35:34","date_gmt":"2024-04-12T17:35:34","guid":{"rendered":"https:\/\/nvnoticias.mx\/?p=146006"},"modified":"2024-04-12T11:35:36","modified_gmt":"2024-04-12T17:35:36","slug":"coincide-amlo-con-ken-salazar-sobre-asalto-a-embajada-mexicana","status":"publish","type":"post","link":"https:\/\/nvnoticias.mx\/index.php\/2024\/04\/12\/coincide-amlo-con-ken-salazar-sobre-asalto-a-embajada-mexicana\/","title":{"rendered":"Coincide AMLO con Ken Salazar sobre asalto a embajada mexicana"},"content":{"rendered":"\n<p>El presidente Andr\u00e9s Manuel L\u00f3pez Obrador inform\u00f3 que ayer se reuni\u00f3 en Palacio Nacional con el embajador de Estados Unidos en M\u00e9xico, Ken Salazar, con qui\u00e9n trat\u00f3 el tema de la irrupci\u00f3n violenta de la embajada de M\u00e9xico en Ecuador.<\/p>\n\n\n\n<blockquote class=\"wp-block-quote is-layout-flow wp-block-quote-is-layout-flow\">\n<p>\u201cClaro que tratamos el tema, coincidimos en que al principio no se ten\u00eda en la Casa Blanca toda la informaci\u00f3n, que esto seguramente lo manej\u00f3 el Departamento de estado\u201d.<\/p>\n<\/blockquote>\n\n\n\n<p>El pasado martes, el presidente L\u00f3pez Obrador reclam\u00f3 a su hom\u00f3logo de Estados Unidos, Joe Biden, y al primer ministro de Canad\u00e1, Justin Trudeau, por sus posturas \u201cambiguas\u201d y no haber condenado el allanamiento a la embajada mexicana en Quito el pasado 5 de abril.<\/p>\n\n\n\n<p>En conferencia de presa, el Jefe del Ejecutivo dijo que en el interior del gobierno de Estados Unidos hay visiones distintas porque \u201chay veces que la DEA act\u00faa sin que se entere el Presidente, eso me consta\u201d.<\/p>\n\n\n\n<blockquote class=\"wp-block-quote is-layout-flow wp-block-quote-is-layout-flow\">\n<p>\u201cPor eso cuando sale el comunicado, pues yo no estuve conforme, no estuve de acuerdo e imagin\u00e9 que el presidente Biden no conoc\u00eda lo que realmente hab\u00eda sucedido\u201d.<\/p>\n<\/blockquote>\n\n\n\n<blockquote class=\"wp-block-quote is-layout-flow wp-block-quote-is-layout-flow\">\n<p>\u201cLe habl\u00e9 al embajador, le dije que quer\u00eda que le entregara personalmente al presidente Biden al fragmento de video que acabamos de ver. Lo entreg\u00f3 y por eso el asesor Jake Sullivan sale con una postura distinta, como deb\u00eda haber sido la primera\u201d.<\/p>\n<\/blockquote>\n\n\n\n<p>Fuente: <a href=\"https:\/\/www.eluniversal.com.mx\/nacion\/amlo-coincide-con-ken-salazar-sobre-asalto-a-embajada-mexicana-al-principio-eu-no-tenia-toda-la-informacion\/\" data-type=\"link\" data-id=\"https:\/\/www.eluniversal.com.mx\/nacion\/amlo-coincide-con-ken-salazar-sobre-asalto-a-embajada-mexicana-al-principio-eu-no-tenia-toda-la-informacion\/\">El Universal<\/a><br><\/p>\n","protected":false},"excerpt":{"rendered":"<p>El presidente Andr\u00e9s Manuel L\u00f3pez Obrador inform\u00f3 que ayer se reuni\u00f3 en Palacio Nacional con el embajador de Estados Unidos en M\u00e9xico, Ken Salazar, con qui\u00e9n trat\u00f3 el tema de la irrupci\u00f3n violenta de la embajada de M\u00e9xico en Ecuador. \u201cClaro que tratamos el tema, coincidimos en que al principio no se ten\u00eda en la [&hellip;]<\/p>\n","protected":false},"author":35,"featured_media":63408,"comment_status":"open","ping_status":"open","sticky":false,"template":"","format":"standard","meta":{"_monsterinsights_skip_tracking":false,"_monsterinsights_sitenote_active":false,"_monsterinsights_sitenote_note":"","_monsterinsights_sitenote_category":0,"footnotes":""},"categories":[158],"tags":[188,5523],"class_list":["post-146006","post","type-post","status-publish","format-standard","has-post-thumbnail","hentry","category-politica","tag-amlo","tag-ken-salazar","wp-image-borders"],"amp_enabled":true,"_links":{"self":[{"href":"https:\/\/nvnoticias.mx\/index.php\/wp-json\/wp\/v2\/posts\/146006","targetHints":{"allow":["GET"]}}],"collection":[{"href":"https:\/\/nvnoticias.mx\/index.php\/wp-json\/wp\/v2\/posts"}],"about":[{"href":"https:\/\/nvnoticias.mx\/index.php\/wp-json\/wp\/v2\/types\/post"}],"author":[{"embeddable":true,"href":"https:\/\/nvnoticias.mx\/index.php\/wp-json\/wp\/v2\/users\/35"}],"replies":[{"embeddable":true,"href":"https:\/\/nvnoticias.mx\/index.php\/wp-json\/wp\/v2\/comments?post=146006"}],"version-history":[{"count":1,"href":"https:\/\/nvnoticias.mx\/index.php\/wp-json\/wp\/v2\/posts\/146006\/revisions"}],"predecessor-version":[{"id":146007,"href":"https:\/\/nvnoticias.mx\/index.php\/wp-json\/wp\/v2\/posts\/146006\/revisions\/146007"}],"wp:featuredmedia":[{"embeddable":true,"href":"https:\/\/nvnoticias.mx\/index.php\/wp-json\/wp\/v2\/media\/63408"}],"wp:attachment":[{"href":"https:\/\/nvnoticias.mx\/index.php\/wp-json\/wp\/v2\/media?parent=146006"}],"wp:term":[{"taxonomy":"category","embeddable":true,"href":"https:\/\/nvnoticias.mx\/index.php\/wp-json\/wp\/v2\/categories?post=146006"},{"taxonomy":"post_tag","embeddable":true,"href":"https:\/\/nvnoticias.mx\/index.php\/wp-json\/wp\/v2\/tags?post=146006"}],"curies":[{"name":"wp","href":"https:\/\/api.w.org\/{rel}","templated":true}]}}