{"id":145995,"date":"2024-04-12T10:32:04","date_gmt":"2024-04-12T16:32:04","guid":{"rendered":"https:\/\/nvnoticias.mx\/?p=145995"},"modified":"2024-04-12T10:32:05","modified_gmt":"2024-04-12T16:32:05","slug":"tribunal-de-ecuador-decide-hoy-si-anula-la-detencion-del-ex-vicepresidente-jorge-glas","status":"publish","type":"post","link":"https:\/\/nvnoticias.mx\/index.php\/2024\/04\/12\/tribunal-de-ecuador-decide-hoy-si-anula-la-detencion-del-ex-vicepresidente-jorge-glas\/","title":{"rendered":"Tribunal de Ecuador decide hoy si anula la detenci\u00f3n del ex vicepresidente Jorge Glas"},"content":{"rendered":"\n<p>El tribunal que delibera la petici\u00f3n del ex vicepresidente de Ecuador, Jorge Glas, de que se anule su detenci\u00f3n realizada dentro de la Embajada de M\u00e9xico en Quito tras haber recibido asilo y ordene al Estado ecuatoriano entregarlo nuevamente a M\u00e9xico revelar\u00e1 este viernes su decisi\u00f3n.<\/p>\n\n\n\n<p>Una fuente de la Corte Nacional de Justicia (CNJ) confirm\u00f3 a EFE que la audiencia instalada el jueves se suspendi\u00f3 a las 04:15 de la madrugada de este viernes (09:15 GMT) para que los jueces deliberen.<\/p>\n\n\n\n<p>Adem\u00e1s, asever\u00f3 que la audiencia se reinstalar\u00e1 a las 15:00 horas de este viernes (08:00 GMT) y en ella se conocer\u00e1 la resoluci\u00f3n de los jueces.<\/p>\n\n\n\n<p>En la audiencia, Andr\u00e9s Villegas, abogado de Glas, argument\u00f3 que la captura del ex vicepresidente de Rafael Correa fue ilegal al no atenderse a ning\u00fan criterio reglamentado y arbitraria por haberse violado sus derechos humanos al privarle del asilo que le hab\u00eda otorgado M\u00e9xico.<\/p>\n\n\n\n<p>Por ello, el letrado pidi\u00f3 a la sala de la CNJ que eval\u00faa el habeas corpus que sea puesto de nuevo en libertad y entregado a la misi\u00f3n diplom\u00e1tica m\u00e1s cercana, tras haber cerrado M\u00e9xico su Embajada en Quito luego de la irrupci\u00f3n policial para detener a Glas o una embajada de otro pa\u00eds que se comprometa tambi\u00e9n a acogerlo como asilado.<\/p>\n\n\n\n<p>Villegas cuestion\u00f3 que el informe policial sobre la operaci\u00f3n para la detenci\u00f3n haya sido declarado &#8220;secreto&#8221; para que no se conozcan los detalles y se\u00f1al\u00f3 que &#8220;es evidente que no existi\u00f3 orden de allanamiento&#8221; contra la Embajada de M\u00e9xico y que tampoco se le consult\u00f3 previamente a la misi\u00f3n diplom\u00e1tica la posibilidad de realizar esa diligencia, a trav\u00e9s del Ministerio de Relaciones Exteriores.<\/p>\n\n\n\n<p>El abogado insisti\u00f3 en que se viol\u00f3 el principio de inviolabilidad de misiones diplom\u00e1ticas, &#8220;y se llevaron bienes muebles como celulares y hasta una tableta electr\u00f3nica de Jorge Glas&#8221;, quien se declara como &#8220;perseguido pol\u00edtico&#8221;.<\/p>\n\n\n\n<p>Fuente: <a href=\"https:\/\/www.eluniversal.com.mx\/mundo\/tribunal-de-ecuador-decide-hoy-si-anula-la-detencion-del-ex-vicepresidente-glas\/\" data-type=\"link\" data-id=\"https:\/\/www.eluniversal.com.mx\/mundo\/tribunal-de-ecuador-decide-hoy-si-anula-la-detencion-del-ex-vicepresidente-glas\/\">El Universal<\/a><\/p>\n","protected":false},"excerpt":{"rendered":"<p>El tribunal que delibera la petici\u00f3n del ex vicepresidente de Ecuador, Jorge Glas, de que se anule su detenci\u00f3n realizada dentro de la Embajada de M\u00e9xico en Quito tras haber recibido asilo y ordene al Estado ecuatoriano entregarlo nuevamente a M\u00e9xico revelar\u00e1 este viernes su decisi\u00f3n. Una fuente de la Corte Nacional de Justicia (CNJ) [&hellip;]<\/p>\n","protected":false},"author":35,"featured_media":145997,"comment_status":"open","ping_status":"open","sticky":false,"template":"","format":"standard","meta":{"_monsterinsights_skip_tracking":false,"_monsterinsights_sitenote_active":false,"_monsterinsights_sitenote_note":"","_monsterinsights_sitenote_category":0,"footnotes":""},"categories":[181],"tags":[5294,28736],"class_list":["post-145995","post","type-post","status-publish","format-standard","has-post-thumbnail","hentry","category-internacional","tag-ecuador","tag-jorge-glas","wp-image-borders"],"amp_enabled":true,"_links":{"self":[{"href":"https:\/\/nvnoticias.mx\/index.php\/wp-json\/wp\/v2\/posts\/145995","targetHints":{"allow":["GET"]}}],"collection":[{"href":"https:\/\/nvnoticias.mx\/index.php\/wp-json\/wp\/v2\/posts"}],"about":[{"href":"https:\/\/nvnoticias.mx\/index.php\/wp-json\/wp\/v2\/types\/post"}],"author":[{"embeddable":true,"href":"https:\/\/nvnoticias.mx\/index.php\/wp-json\/wp\/v2\/users\/35"}],"replies":[{"embeddable":true,"href":"https:\/\/nvnoticias.mx\/index.php\/wp-json\/wp\/v2\/comments?post=145995"}],"version-history":[{"count":1,"href":"https:\/\/nvnoticias.mx\/index.php\/wp-json\/wp\/v2\/posts\/145995\/revisions"}],"predecessor-version":[{"id":145996,"href":"https:\/\/nvnoticias.mx\/index.php\/wp-json\/wp\/v2\/posts\/145995\/revisions\/145996"}],"wp:featuredmedia":[{"embeddable":true,"href":"https:\/\/nvnoticias.mx\/index.php\/wp-json\/wp\/v2\/media\/145997"}],"wp:attachment":[{"href":"https:\/\/nvnoticias.mx\/index.php\/wp-json\/wp\/v2\/media?parent=145995"}],"wp:term":[{"taxonomy":"category","embeddable":true,"href":"https:\/\/nvnoticias.mx\/index.php\/wp-json\/wp\/v2\/categories?post=145995"},{"taxonomy":"post_tag","embeddable":true,"href":"https:\/\/nvnoticias.mx\/index.php\/wp-json\/wp\/v2\/tags?post=145995"}],"curies":[{"name":"wp","href":"https:\/\/api.w.org\/{rel}","templated":true}]}}