{"id":145931,"date":"2024-04-11T14:27:35","date_gmt":"2024-04-11T20:27:35","guid":{"rendered":"https:\/\/nvnoticias.mx\/?p=145931"},"modified":"2024-04-11T14:27:37","modified_gmt":"2024-04-11T20:27:37","slug":"necesitan-donativos-para-recuperar-equipos-saqueados-de-pacientes-con-parkinson","status":"publish","type":"post","link":"https:\/\/nvnoticias.mx\/index.php\/2024\/04\/11\/necesitan-donativos-para-recuperar-equipos-saqueados-de-pacientes-con-parkinson\/","title":{"rendered":"Necesitan donativos para recuperar equipos saqueados de pacientes con Parkinson"},"content":{"rendered":"\n<p>Jes\u00fas Utrilla | NV Noticias<\/p>\n\n\n\n<p>Las instalaciones de la Asociaci\u00f3n Amigos de Parkinson en Veracruz fueron v\u00edctimas de robo y dejaron a los pacientes desamparados, pues adem\u00e1s que requieren las terapias, les llev\u00f3 varios a\u00f1os conseguir recursos para equipar las instalaciones en la colonia Dos Caminos.<\/p>\n\n\n\n<p>Carlos Platas Meneses, presidente de la organizaci\u00f3n, dijo que les saquearon equipos esenciales para sus terapias, hasta la estufa y el tanque de gas.<\/p>\n\n\n\n<p>Los amantes de lo ajeno aprovecharon lo caos desatado por la pandemia del COVID-19 dejando a los pacientes sin acceso a su rehabilitaci\u00f3n. Los delincuentes se llevaron consigo una variedad de elementos vitales para el tratamiento de los pacientes, incluyendo un tanque de gas, una estufa, equipos para masajes y aparatos utilizados para terapias con descargas el\u00e9ctricas.<\/p>\n\n\n\n<p>\u201cSe llevaron desde una estufa hasta pistolas de masajes, camas de masajes, equipo para dar descargas el\u00e9ctricas en el cuerpo. Necesitamos apoyo para seguir con eso adelante porque yo me afect\u00e9\u201d.<\/p>\n\n\n\n<p>El valor total de lo sustra\u00eddo se estima en aproximadamente 30 mil pesos, una p\u00e9rdida significativa que dej\u00f3 a la asociaci\u00f3n en una situaci\u00f3n dif\u00edcil. A pesar de los esfuerzos por continuar brindando atenci\u00f3n a los pacientes, la falta de recursos y equipos adecuados dificulta su labor.<\/p>\n\n\n\n<p>Actualmente, la Asociaci\u00f3n de Parkinson cuenta con 18 personas adheridas, a quienes visitan en sus hogares para proporcionarles seguimiento y terapias necesarias para enfrentar su trastorno.<br>\u201cQue nos llamen, al 2295935037 y nos quedamos a ver en alg\u00fan punto que tengan al enfermo y lo vamos a ver. Es importante que la atenci\u00f3n del paciente sea adecuada\u201d.<\/p>\n\n\n\n<p>Cabe mencionar que el 11 de abril se conmemora el D\u00eda Mundial del Parkinson. El Parkinson una enfermedad neurodegenerativa cr\u00f3nica que afecta principalmente el sistema nervioso central, causando temblores, rigidez muscular, lentitud de movimientos y problemas de equilibrio y coordinaci\u00f3n.<\/p>\n","protected":false},"excerpt":{"rendered":"<p>Jes\u00fas Utrilla | NV Noticias Las instalaciones de la Asociaci\u00f3n Amigos de Parkinson en Veracruz fueron v\u00edctimas de robo y dejaron a los pacientes desamparados, pues adem\u00e1s que requieren las terapias, les llev\u00f3 varios a\u00f1os conseguir recursos para equipar las instalaciones en la colonia Dos Caminos. Carlos Platas Meneses, presidente de la organizaci\u00f3n, dijo que [&hellip;]<\/p>\n","protected":false},"author":35,"featured_media":145932,"comment_status":"open","ping_status":"open","sticky":false,"template":"","format":"standard","meta":{"_monsterinsights_skip_tracking":false,"_monsterinsights_sitenote_active":false,"_monsterinsights_sitenote_note":"","_monsterinsights_sitenote_category":0,"footnotes":""},"categories":[154],"tags":[5759,3828,2101,9043],"class_list":["post-145931","post","type-post","status-publish","format-standard","has-post-thumbnail","hentry","category-veracruz","tag-donativos","tag-equipos","tag-parkinson","tag-recuperar","wp-image-borders"],"amp_enabled":true,"_links":{"self":[{"href":"https:\/\/nvnoticias.mx\/index.php\/wp-json\/wp\/v2\/posts\/145931","targetHints":{"allow":["GET"]}}],"collection":[{"href":"https:\/\/nvnoticias.mx\/index.php\/wp-json\/wp\/v2\/posts"}],"about":[{"href":"https:\/\/nvnoticias.mx\/index.php\/wp-json\/wp\/v2\/types\/post"}],"author":[{"embeddable":true,"href":"https:\/\/nvnoticias.mx\/index.php\/wp-json\/wp\/v2\/users\/35"}],"replies":[{"embeddable":true,"href":"https:\/\/nvnoticias.mx\/index.php\/wp-json\/wp\/v2\/comments?post=145931"}],"version-history":[{"count":1,"href":"https:\/\/nvnoticias.mx\/index.php\/wp-json\/wp\/v2\/posts\/145931\/revisions"}],"predecessor-version":[{"id":145933,"href":"https:\/\/nvnoticias.mx\/index.php\/wp-json\/wp\/v2\/posts\/145931\/revisions\/145933"}],"wp:featuredmedia":[{"embeddable":true,"href":"https:\/\/nvnoticias.mx\/index.php\/wp-json\/wp\/v2\/media\/145932"}],"wp:attachment":[{"href":"https:\/\/nvnoticias.mx\/index.php\/wp-json\/wp\/v2\/media?parent=145931"}],"wp:term":[{"taxonomy":"category","embeddable":true,"href":"https:\/\/nvnoticias.mx\/index.php\/wp-json\/wp\/v2\/categories?post=145931"},{"taxonomy":"post_tag","embeddable":true,"href":"https:\/\/nvnoticias.mx\/index.php\/wp-json\/wp\/v2\/tags?post=145931"}],"curies":[{"name":"wp","href":"https:\/\/api.w.org\/{rel}","templated":true}]}}