{"id":145798,"date":"2024-04-10T10:03:26","date_gmt":"2024-04-10T16:03:26","guid":{"rendered":"https:\/\/nvnoticias.mx\/?p=145798"},"modified":"2024-04-10T10:03:28","modified_gmt":"2024-04-10T16:03:28","slug":"condena-oea-energicamente-a-ecuador-por-asalto-a-embajada-mexicana","status":"publish","type":"post","link":"https:\/\/nvnoticias.mx\/index.php\/2024\/04\/10\/condena-oea-energicamente-a-ecuador-por-asalto-a-embajada-mexicana\/","title":{"rendered":"Condena OEA en\u00e9rgicamente a Ecuador por asalto a embajada mexicana"},"content":{"rendered":"\n<p>Con 29 votos a favor, uno en contra de Ecuador, la abstenci\u00f3n de El Salvador y la\u00a0<strong>ausencia de M\u00e9xico y de Venezuela<\/strong>, el Consejo Permanente de la\u00a0Organizaci\u00f3n de Estados Americanos\u00a0(OEA) conden\u00f3 hoy \u201cen\u00e9rgicamente el allanamiento de las instalaciones de la Embajada de M\u00e9xico en Ecuador&#8221;.<\/p>\n\n\n\n<blockquote class=\"wp-block-quote is-layout-flow wp-block-quote-is-layout-flow\">\n<p>La resoluci\u00f3n de&nbsp;<strong>10 puntos propuesta por los gobiernos de Colombia y Bolivia<\/strong>, y apoyada por Estados Unidos y Canad\u00e1 conden\u00f3 asimismo \u201clos actos de violencia contra el bienestar y dignidad del personal diplom\u00e1tico de la misi\u00f3n&#8221;.<\/p>\n<\/blockquote>\n\n\n\n<ul class=\"wp-block-list\">\n<li><\/li>\n<\/ul>\n\n\n\n<p>Durante la sesi\u00f3n celebrada en el Sal\u00f3n Sim\u00f3n Bol\u00edvar de la sede de la OEA en Washington, DC, fue&nbsp;<strong>presentado un video con la escenas de la irrupci\u00f3n de las fuerzas policiales a la sede diplom\u00e1tica&nbsp;<\/strong>de M\u00e9xico en Quito, as\u00ed como la reacci\u00f3n del presidente Andr\u00e9s Manuel L\u00f3pez Obrador.<\/p>\n\n\n\n<p>La resoluci\u00f3n reafirma la obligaci\u00f3n de todos los Estados de garantizar el&nbsp;<strong>respeto de los privilegios e inmunidades de las misiones diplom\u00e1ticas&nbsp;<\/strong>y el principio de inviolabilidad, de conformidad con el derecho internacional.<\/p>\n\n\n\n<p>Asimismo llama a todos los Estados a respetar y cumplir sus obligaciones y responsabilidades en virtud de la Convenci\u00f3n de Viena sobre Relaciones Diplom\u00e1ticas y a garantizar que\u00a0<strong>la inviolabilidad de los locales y el personal diplom\u00e1tico sea plenamente respetada y defendida<\/strong>, sin excepci\u00f3n.<\/p>\n\n\n\n<p>Fuente: <a href=\"https:\/\/www.milenio.com\/internacional\/oea-aprueba-sanciones-ecuador-asalto-embajada-mexico\" data-type=\"link\" data-id=\"https:\/\/www.milenio.com\/internacional\/oea-aprueba-sanciones-ecuador-asalto-embajada-mexico\">Milenio<\/a> <\/p>\n","protected":false},"excerpt":{"rendered":"<p>Con 29 votos a favor, uno en contra de Ecuador, la abstenci\u00f3n de El Salvador y la\u00a0ausencia de M\u00e9xico y de Venezuela, el Consejo Permanente de la\u00a0Organizaci\u00f3n de Estados Americanos\u00a0(OEA) conden\u00f3 hoy \u201cen\u00e9rgicamente el allanamiento de las instalaciones de la Embajada de M\u00e9xico en Ecuador&#8221;. La resoluci\u00f3n de&nbsp;10 puntos propuesta por los gobiernos de Colombia [&hellip;]<\/p>\n","protected":false},"author":35,"featured_media":145361,"comment_status":"open","ping_status":"open","sticky":false,"template":"","format":"standard","meta":{"_monsterinsights_skip_tracking":false,"_monsterinsights_sitenote_active":false,"_monsterinsights_sitenote_note":"","_monsterinsights_sitenote_category":0,"footnotes":""},"categories":[181],"tags":[5294,3037,292,3633,162],"class_list":["post-145798","post","type-post","status-publish","format-standard","has-post-thumbnail","hentry","category-internacional","tag-ecuador","tag-embajada","tag-mexico","tag-oea","tag-portada","wp-image-borders"],"amp_enabled":true,"_links":{"self":[{"href":"https:\/\/nvnoticias.mx\/index.php\/wp-json\/wp\/v2\/posts\/145798","targetHints":{"allow":["GET"]}}],"collection":[{"href":"https:\/\/nvnoticias.mx\/index.php\/wp-json\/wp\/v2\/posts"}],"about":[{"href":"https:\/\/nvnoticias.mx\/index.php\/wp-json\/wp\/v2\/types\/post"}],"author":[{"embeddable":true,"href":"https:\/\/nvnoticias.mx\/index.php\/wp-json\/wp\/v2\/users\/35"}],"replies":[{"embeddable":true,"href":"https:\/\/nvnoticias.mx\/index.php\/wp-json\/wp\/v2\/comments?post=145798"}],"version-history":[{"count":3,"href":"https:\/\/nvnoticias.mx\/index.php\/wp-json\/wp\/v2\/posts\/145798\/revisions"}],"predecessor-version":[{"id":145801,"href":"https:\/\/nvnoticias.mx\/index.php\/wp-json\/wp\/v2\/posts\/145798\/revisions\/145801"}],"wp:featuredmedia":[{"embeddable":true,"href":"https:\/\/nvnoticias.mx\/index.php\/wp-json\/wp\/v2\/media\/145361"}],"wp:attachment":[{"href":"https:\/\/nvnoticias.mx\/index.php\/wp-json\/wp\/v2\/media?parent=145798"}],"wp:term":[{"taxonomy":"category","embeddable":true,"href":"https:\/\/nvnoticias.mx\/index.php\/wp-json\/wp\/v2\/categories?post=145798"},{"taxonomy":"post_tag","embeddable":true,"href":"https:\/\/nvnoticias.mx\/index.php\/wp-json\/wp\/v2\/tags?post=145798"}],"curies":[{"name":"wp","href":"https:\/\/api.w.org\/{rel}","templated":true}]}}